{"id":463,"date":"2018-02-16T10:25:20","date_gmt":"2018-02-16T09:25:20","guid":{"rendered":"http:\/\/acebousbecque.fr\/?p=463"},"modified":"2025-01-02T01:14:59","modified_gmt":"2025-01-02T00:14:59","slug":"projet-de-centre-de-methanisation-a-bousbecque-le-point-sur-la-reunion-de-linstance-de-dialogue-du-10-janvier-2018","status":"publish","type":"post","link":"https:\/\/acebousbecque.fr\/index.php\/2018\/02\/16\/projet-de-centre-de-methanisation-a-bousbecque-le-point-sur-la-reunion-de-linstance-de-dialogue-du-10-janvier-2018\/","title":{"rendered":"Projet de centre de m\u00e9thanisation \u00e0 Bousbecque  : Le point sur la r\u00e9union de l\u2019instance de dialogue du 10 janvier 2018"},"content":{"rendered":"<div id=\"yui_3_16_0_ym19_1_1518770203428_35466\" class=\"yiv8561732153\">\n<p><em>Le point sur la r\u00e9union de l\u2019instance de dialogue du 10 janvier 2018 vu par l\u2019Association Citoyenne pour l\u2019Environnement \u00e0 Bousbecque (ACEB)<\/em><\/p>\n<p>Le 10 janvier 2018 s\u2019est r\u00e9unie le groupe de 11 personnes composant l\u2019instance de dialogue sur le projet de m\u00e9thanisation \u00e0 Bousbecque.<br \/>\nNotre association, l\u2019ACEB, d\u00e9sireuse de rentrer dans le vif du sujet avait pos\u00e9e au pr\u00e9alable 18 questions pr\u00e9cises pour toujours mieux appr\u00e9hender le sujet. 10 questions ont trouv\u00e9 imm\u00e9diatement une r\u00e9ponse de la part des agriculteurs porteurs du projet. Elles donnent les informations suivantes<\/p>\n<p>1- La station de m\u00e9thanisation sera install\u00e9e sur un terrain de 2 hectares derri\u00e8re la caserne des pompiers.<\/p>\n<p>2- La ceinture verte devant masquer l\u2019ensemble des b\u00e2timents sera compos\u00e9e d\u2019esp\u00e8ces locales.<\/p>\n<p>3- Il y aura bien une bute arbor\u00e9e c\u00f4t\u00e9 boulevard de la Lys pour tenter de masquer l\u2019ensemble.<\/p>\n<p>4- Les intrants (mati\u00e8res organiques amen\u00e9es dans ce centre) proviendront de d\u00e9chets verts de tonte, du fumier, des d\u00e9chets de transformation issue de l\u2019industrie agro-alimentaire. Le tout amen\u00e9 depuis un rayon de 15 kms.<\/p>\n<p>5- Une fois les mati\u00e8re dig\u00e9r\u00e9es et le bio-gaz r\u00e9cup\u00e9r\u00e9, les mati\u00e8res restantes feront l\u2019objet d\u2019une s\u00e9paration de phase entre les solides et les liquides pour servir \u00ab\u00a0 d\u2019engrais \u00bb\u00a0 pour, et selon les agriculteurs, mettre en place de nouvelles pratiques agricoles avec moins voire plus du tout d\u2019engrais chimiques.<\/p>\n<p>6- La station emploiera 1,5 salari\u00e9 en CDI pour assurer un contr\u00f4le journalier, obtenir un fonctionnement optimal, pouvoir d\u00e9tecter toute anomalie et collecter les mati\u00e8res entrantes.<\/p>\n<p>6- Les impacts environnementaux potentiels sont : Visuels &#8211; Atmosph\u00e9riques &#8211; Olfactifs &#8211; Sonores.\u00a0 =&gt; \u00c0 l\u2019ACEB d\u2019oeuvrer aupr\u00e8s des porteurs du projet pour faire en sorte d&rsquo;en limiter les impacts pour l\u2019environnement et la population Bousbecquoise !<\/p>\n<p>Il nous reste \u00e0 rentrer dans le concret des \u00e9l\u00e9ments techniques qui doivent faire de ce projet \u00ab un projet exemplaire \u00bb comme le mettent en avant les porteurs du projet.\u00a0 Pour cela, notre association a d\u2019ors et d\u00e9j\u00e0 d\u00e9pos\u00e9 15 nouvelles questions aux agriculteurs porteurs du projet et ceci en pr\u00e9alable \u00e0 la prochaine r\u00e9union de l\u2019instante de dialogue.<\/p>\n<p>Reste aussi, et c\u2019est important, quelques conditions pour que le projet aboutisse : Que la chambre d\u2019agriculture conclue son \u00e9tude de faisabilit\u00e9. Que l\u2019\u00e9tude montre clairement la rentabilit\u00e9 du projet. Que GRDF autorise l\u2019injection du biogaz dans son r\u00e9seau. Que les porteurs du projet trouvent le bon financement.<\/p>\n<p>A suivre \u2026\u2026\u2026.<\/p>\n<\/div>\n","protected":false},"excerpt":{"rendered":"<p>Le point sur la r\u00e9union de l\u2019instance de dialogue du 10 janvier 2018 vu par l\u2019Association Citoyenne pour l\u2019Environnement \u00e0 Bousbecque (ACEB) Le 10 janvier 2018 s\u2019est r\u00e9unie le groupe de 11 personnes composant l\u2019instance de dialogue sur le projet de m\u00e9thanisation \u00e0 Bousbecque. Notre association, l\u2019ACEB, d\u00e9sireuse de rentrer dans le vif du sujet [&hellip;]<\/p>\n","protected":false},"author":3,"featured_media":0,"comment_status":"open","ping_status":"open","sticky":false,"template":"","format":"standard","meta":{"site-sidebar-layout":"default","site-content-layout":"","ast-site-content-layout":"default","site-content-style":"default","site-sidebar-style":"default","ast-global-header-display":"","ast-banner-title-visibility":"","ast-main-header-display":"","ast-hfb-above-header-display":"","ast-hfb-below-header-display":"","ast-hfb-mobile-header-display":"","site-post-title":"","ast-breadcrumbs-content":"","ast-featured-img":"","footer-sml-layout":"","theme-transparent-header-meta":"","adv-header-id-meta":"","stick-header-meta":"","header-above-stick-meta":"","header-main-stick-meta":"","header-below-stick-meta":"","astra-migrate-meta-layouts":"default","ast-page-background-enabled":"default","ast-page-background-meta":{"desktop":{"background-color":"var(--ast-global-color-4)","background-image":"","background-repeat":"repeat","background-position":"center center","background-size":"auto","background-attachment":"scroll","background-type":"","background-media":"","overlay-type":"","overlay-color":"","overlay-opacity":"","overlay-gradient":""},"tablet":{"background-color":"","background-image":"","background-repeat":"repeat","background-position":"center center","background-size":"auto","background-attachment":"scroll","background-type":"","background-media":"","overlay-type":"","overlay-color":"","overlay-opacity":"","overlay-gradient":""},"mobile":{"background-color":"","background-image":"","background-repeat":"repeat","background-position":"center center","background-size":"auto","background-attachment":"scroll","background-type":"","background-media":"","overlay-type":"","overlay-color":"","overlay-opacity":"","overlay-gradient":""}},"ast-content-background-meta":{"desktop":{"background-color":"var(--ast-global-color-5)","background-image":"","background-repeat":"repeat","background-position":"center center","background-size":"auto","background-attachment":"scroll","background-type":"","background-media":"","overlay-type":"","overlay-color":"","overlay-opacity":"","overlay-gradient":""},"tablet":{"background-color":"var(--ast-global-color-5)","background-image":"","background-repeat":"repeat","background-position":"center center","background-size":"auto","background-attachment":"scroll","background-type":"","background-media":"","overlay-type":"","overlay-color":"","overlay-opacity":"","overlay-gradient":""},"mobile":{"background-color":"var(--ast-global-color-5)","background-image":"","background-repeat":"repeat","background-position":"center center","background-size":"auto","background-attachment":"scroll","background-type":"","background-media":"","overlay-type":"","overlay-color":"","overlay-opacity":"","overlay-gradient":""}},"_jetpack_memberships_contains_paid_content":false,"footnotes":"","jetpack_publicize_message":"","jetpack_publicize_feature_enabled":true,"jetpack_social_post_already_shared":false,"jetpack_social_options":{"image_generator_settings":{"template":"highway","default_image_id":0,"font":"","enabled":false},"version":2}},"categories":[59],"tags":[30,13,51],"class_list":["post-463","post","type-post","status-publish","format-standard","hentry","category-methanisation","tag-aceb","tag-bousbecque","tag-methanisation"],"jetpack_publicize_connections":[],"jetpack_featured_media_url":"","jetpack_sharing_enabled":true,"_links":{"self":[{"href":"https:\/\/acebousbecque.fr\/index.php\/wp-json\/wp\/v2\/posts\/463","targetHints":{"allow":["GET"]}}],"collection":[{"href":"https:\/\/acebousbecque.fr\/index.php\/wp-json\/wp\/v2\/posts"}],"about":[{"href":"https:\/\/acebousbecque.fr\/index.php\/wp-json\/wp\/v2\/types\/post"}],"author":[{"embeddable":true,"href":"https:\/\/acebousbecque.fr\/index.php\/wp-json\/wp\/v2\/users\/3"}],"replies":[{"embeddable":true,"href":"https:\/\/acebousbecque.fr\/index.php\/wp-json\/wp\/v2\/comments?post=463"}],"version-history":[{"count":3,"href":"https:\/\/acebousbecque.fr\/index.php\/wp-json\/wp\/v2\/posts\/463\/revisions"}],"predecessor-version":[{"id":466,"href":"https:\/\/acebousbecque.fr\/index.php\/wp-json\/wp\/v2\/posts\/463\/revisions\/466"}],"wp:attachment":[{"href":"https:\/\/acebousbecque.fr\/index.php\/wp-json\/wp\/v2\/media?parent=463"}],"wp:term":[{"taxonomy":"category","embeddable":true,"href":"https:\/\/acebousbecque.fr\/index.php\/wp-json\/wp\/v2\/categories?post=463"},{"taxonomy":"post_tag","embeddable":true,"href":"https:\/\/acebousbecque.fr\/index.php\/wp-json\/wp\/v2\/tags?post=463"}],"curies":[{"name":"wp","href":"https:\/\/api.w.org\/{rel}","templated":true}]}}