{"id":523,"date":"2019-02-09T09:45:32","date_gmt":"2019-02-09T08:45:32","guid":{"rendered":"http:\/\/acebousbecque.fr\/?p=523"},"modified":"2022-09-18T22:30:53","modified_gmt":"2022-09-18T21:30:53","slug":"participation-de-laceb-a-lenquete-publique-sur-le-plu-2-nouveau-plan-local-durbanisme","status":"publish","type":"post","link":"https:\/\/acebousbecque.fr\/index.php\/2019\/02\/09\/participation-de-laceb-a-lenquete-publique-sur-le-plu-2-nouveau-plan-local-durbanisme\/","title":{"rendered":"Participation de l&rsquo;ACEB \u00e0 l&rsquo;enqu\u00eate publique sur le PLU-2 (Nouveau Plan Local d&rsquo;Urbanisme)"},"content":{"rendered":"<p><span style=\"color: #339966;\"><strong><span style=\"color: #993300;\">Contribution \u00e0 l\u2019enqu\u00eate publique PLU2<\/span> \u2013 11 janvier 2019 \u2013 <\/strong><\/span><span style=\"color: #339966;\"><strong><span style=\"color: #008000;\">Association Citoyenne pour l\u2019Environnement \u00e0 Bousbecque<\/span>&nbsp;(&nbsp;<span style=\"color: #008000;\">ACEB <span style=\"color: #666699;\">)<\/span><\/span>.<\/strong><\/span><\/p>\n<p><strong><em>l\u2019<span style=\"color: #008000;\">ACEB<\/span> <\/em><\/strong><em>confirme l\u2019avis de la MRES et certains points soulev\u00e9s par la MRAE&nbsp;: \u00ab\u00a0Bousbecque est une illustration parfaite des manques et insuffisances du PLU 2\u00a0\u00bb<\/em><strong><em>&nbsp;:&nbsp;<\/em><\/strong><em>Soulign\u00e9s par ces deux instances.<\/em><\/p>\n<p><strong><span style=\"color: #993300;\">SUR LA FORME<\/span>&nbsp;: &nbsp;<\/strong>Le PLU est indigeste donc illisible&nbsp;:<\/p>\n<ul>\n<li>les conseillers municipaux n\u2019ont m\u00eame pas pu disposer, bien avant le lancement de l\u2019enqu\u00eate publique, d\u2019une reproduction papier lisible du PLU2 propos\u00e9 pour leur commune or la lecture d\u2019ensemble sur un \u00e9cran d\u2019ordinateur est difficile.<\/li>\n<li>les conseillers municipaux d\u00e9plorent que les communes n\u2019aient donc pas fait d\u2019efforts pour discuter du PLU2 avec leur population.<\/li>\n<li>La compr\u00e9hension de l\u2019ensemble des dossiers est difficile m\u00eame lorsqu\u2019une pr\u00e9sentation est organis\u00e9e pour les conseillers municipaux et encore plus lorsque les habitants et associations sont isol\u00e9s face \u00e0 une telle t\u00e2che, et malheureusement la mise en ligne du dossier ne r\u00e9sout pas ce probl\u00e8me.<\/li>\n<li>Il aurait sans doute \u00e9t\u00e9 opportun d\u2019associer les associations environnementales et autres \u00e0 l\u2019\u00e9laboration du PLU 2&nbsp; en amont de l\u2019enqu\u00eate publique<\/li>\n<li>les contraintes de temps p\u00e8sent lourdement pour r\u00e9pondre \u00e0 cette enqu\u00eate<\/li>\n<\/ul>\n<p><strong>N\u00e9anmoins et \u00e0 cause des remarques ci-dessus, nous avons les remarques et questions suivantes \u00e0 apporter<\/strong> .<\/p>\n<p><strong><span style=\"color: #993300;\">SUR LE FOND<\/span>&nbsp;:&nbsp;&nbsp; <\/strong>A Bousbecque le PLU 2 ressemble fortement au PLU de 2004\u2026<\/p>\n<p><strong><u>Cependant quelques <span style=\"color: #008000;\">points positifs<\/span> sont \u00e0 souligner<\/u><\/strong>&nbsp;: l\u2019abandon de la voie de contournement\/ barreau au Bonnier au Seigle &#8211; L\u2019extension sur 1 parcelle des prairies zone naturelle de protection des milieux sensibles des prairies de la Lys qui accueillent notamment chaque ann\u00e9e nombre d\u2019oiseaux migrateurs tels que les oies cendr\u00e9es &#8211; Le zonage en corridor \u00e9cologique de la Lys &#8211; Et enfin la r\u00e9duction partielle de l\u2019urbanisation, demand\u00e9e par le Maire,&nbsp;de la zone naturelle \u00e0 urbaniser au Bonnier au Seigle &#8211; Egalement la confirmation du PLU 2004 autour du hameau des Bois et selon un axe qui court jusqu\u2019\u00e0 la Lys d\u2019espaces naturels relais et de zones tampon de la biodiversit\u00e9.<\/p>\n<p><strong><em>Mais les remarques sur les manques du PLU 2&nbsp;sont malheureusement plus nombreuses : <\/em><\/strong><\/p>\n<p><span style=\"color: #993300;\"><strong><span style=\"text-decoration: underline;\">Concernant <span style=\"color: #993300; text-decoration: underline;\">l\u2019urbanisation<\/span> et l\u2019artificialisation des sols<\/span><u> <\/u><\/strong><\/span>&nbsp;:<\/p>\n<p>Concernant les zones \u00e0 urbaniser sur des <span style=\"color: #993300;\">terrains agricoles<\/span> et notamment le <span style=\"color: #993300;\">Bonnier au Seigle<\/span>&nbsp;: Toute la zone du Bonnier au Seigle appartient \u00e0 l\u2019h\u00e9micycle agricole et pr\u00e9sente en outre un int\u00e9r\u00eat paysager \u00e0 restaurer par la replantation des traditionnels saules t\u00eatards le long des becques et elle pr\u00e9sente de nombreux petits chemins pi\u00e9tonniers entre les champs. Cet h\u00e9micycle agricole est une r\u00e9elle respiration entre Bousbecque et Wervicq . Si elle devait \u00eatre construite, m\u00eame partiellement, alors on aurait affaire \u00e0 la constitution d\u2019une conurbation , tout serait urbanis\u00e9 en continu et le caract\u00e8re campagnard dispara\u00eetrait.<\/p>\n<p>Serait-il possible de troquer cette zone \u00e0 urbaniser diff\u00e9r\u00e9e mixte contre la construction de logements plus centraux par rapport au centre ville de Bousbecque&nbsp;?<\/p>\n<p>A tout le moins <span style=\"color: #ff0000;\">nous demandons<\/span> que les futures constructions soient faites selon le cahier des charges d\u2019un <strong>\u00e9coquartier<\/strong>, avec prise en compte des cheminements pi\u00e9tons naturels existants et restauration des \u00e9cosyst\u00e8mes.<\/p>\n<p>La carence en <strong>logements sociaux<\/strong>de la commune pousse \u00e0 une densification extr\u00eame du centre ville et ce sur des zones parfois pollu\u00e9es. Nous demandons que les logements sociaux b\u00e9n\u00e9ficient de la qualit\u00e9 d\u2019<strong>\u00e9coquartiers<\/strong>.<\/p>\n<p>La construction de logements entra\u00eene syst\u00e9matiquement la construction de parkings pour les voitures&nbsp;donc une r\u00e9elle emprise&nbsp;: pourquoi ne pas pr\u00e9voir des parkings sous les constructions et, m\u00eame pour les parkings de moins de 1000 m2, de faire des parkings permettant \u00e0 l\u2019eau de s\u2019infiltrer ainsi qu\u2019une rev\u00e9g\u00e9talisation, avec des mat\u00e9riaux permettant une <strong>r\u00e9versibilit\u00e9&nbsp;<\/strong>des am\u00e9nagements faits , pour un avenir o\u00f9 les m\u00e9nages seront moins d\u00e9pendants de leur voiture personnelle&nbsp;: ainsi on pourrait facilement \u00e0 l\u2019avenir transformer ces parkings en petits espaces verts et cultivables.<\/p>\n<p><strong><u>Concernant <span style=\"color: #993300;\">la densification du b\u00e2ti en centre ville<\/span>&nbsp;tissu urbain mixte<\/u>&nbsp;<\/strong>:<\/p>\n<p>Les arbres et jardins en ville sont menac\u00e9s par les app\u00e9tits immobiliers. <span style=\"color: #ff0000;\">Nous demandons<\/span> la g\u00e9olocalisation fine des arbres et ensembles arbor\u00e9s parfois centenaires afin de les pr\u00e9server lors de toute op\u00e9ration immobili\u00e8re ult\u00e9rieure, ce qui emp\u00eachera l\u2019accroissement de l\u2019ilot urbain de chaleur.<\/p>\n<p><strong><u>Concernant <span style=\"color: #993300;\">la centralit\u00e9 de Bousbecque<\/span> et le tissu r\u00e9sidentiel de l\u2019\u00e8re industrielle<\/u><\/strong>&nbsp;:<\/p>\n<p>La quasi-totalit\u00e9 des espaces arbor\u00e9s sont l\u2019h\u00e9ritage des jardins des ch\u00e2teaux-villas construites par les anciens patrons de la papeterie de Bousbecque \u00e0 partir de la fin du 19\u00e8 si\u00e8cle. Le seul jardin public est celui de la mairie.<\/p>\n<p>Les grands jardins priv\u00e9s font l\u2019objet d\u2019app\u00e9tits immobiliers et les grands arbres ne sont pas prot\u00e9g\u00e9s. <span style=\"color: #ff0000;\">Nous demandons<\/span> le recensement et la protection dans les cahiers des charges de ces arbres.<\/p>\n<p>Concernant les maisons de rang\u00e9e ouvri\u00e8res, leurs petits jardins typiques en front de rue sont d\u00e9truits pour une artificialisation des sols&nbsp;: <span style=\"color: #ff0000;\">Nous demandons<\/span> une clause de reconnaissance et de protection de cet h\u00e9ritage historique.<\/p>\n<p>Concernant la friche du ch\u00e2teau class\u00e9e en zone d\u2019activit\u00e9s diversifi\u00e9es&nbsp;: <span style=\"color: #ff0000;\">Nous demandons<\/span> la cr\u00e9ation d\u2019un jardin public et naturel car il n\u2019existe aucun espace vert public hormis le petit parc de la mairie \u2013qui est lui-m\u00eame l\u2019ancien jardin d\u2019une maison de ma\u00eetre. <span style=\"color: #ff0000;\">Nous demandons<\/span> des projets permettant aux esp\u00e8ces animales et v\u00e9g\u00e9tales recens\u00e9es par l\u2019enqu\u00eate faunistique et floristique de s\u2019y \u00e9panouir.<\/p>\n<p><span style=\"color: #ff0000;\">Nous d\u00e9plorons<\/span> qu\u2019aucun inventaire ne pr\u00e9serve le petit patrimoine de Bousbecque&nbsp;hormis quelques oratoires , chapelles ou quelques fermes&nbsp;: Or il existe tout un patrimoine architectural et paysager des maisons de maitre et maisons ouvri\u00e8res, patrimoine industriel et militaire (Blockhaus), s\u2019ajoutant ainsi au patrimoine naturel.<\/p>\n<p><strong>R\u00e9novation du b\u00e2ti existant , construction de b\u00e2timents publics <\/strong>: Que la r\u00e9novation\/ construction des centres sportifs, \u00e9coles et salles des f\u00eates soit favoris\u00e9e selon un cahier des charges vertueux pour l\u2019environnement. Que l\u2019\u00e9conomie circulaire sur les zones artisanales et industrielles soit favoris\u00e9e.<\/p>\n<p><span style=\"color: #993300;\"><strong><u>Concernant <span style=\"color: #993300;\">l\u2019\u00e9cosyst\u00e8me<\/span>, <span style=\"color: #993300;\">zones naturelles et agricoles<\/span> , <span style=\"color: #993300;\">zones de protection<\/span> <span style=\"color: #993300;\">environnementale<\/span> et architecturale, <span style=\"color: #993300;\">la biodiversit\u00e9<\/span> <\/u><\/strong><\/span><u>&nbsp;:<\/u><\/p>\n<ul>\n<li>aucun recensement fin ni protection au PLU 2 des cheminements pi\u00e9tonniers existants, des becques, squares , parcs et jardins arbor\u00e9s , arbres de rue . Les parcs et jardins sur la commune ne sont pas zon\u00e9s. M\u00eame si la commune est entour\u00e9e de terres agricoles et de chemins agricoles qui peuvent constituer des lieux de promenades aux abords des terres agricoles, le parc est un lieu de rencontres et de cr\u00e9ation de liens qu&rsquo;il s&rsquo;agit de pr\u00e9server \u00e0 Bousbecque.<\/li>\n<li><span style=\"color: #ff0000;\">Nous demandons<\/span><strong>&nbsp;<\/strong>la cr\u00e9ation d\u2019emplacements lin\u00e9aires r\u00e9serv\u00e9s le long des becques, prairies et champs cultiv\u00e9s pour rendre possible leur reboisement ancestral.<\/li>\n<\/ul>\n<p>Nous demandons \u00e9galement de bloquer au PLU 2 des espaces de jardins familiaux et de terrains cultiv\u00e9s en zone urbaine.<\/p>\n<p><span style=\"color: #ff0000;\">Nous demandons<\/span><strong>&nbsp;<\/strong>le recensement et classement \u00e0 l\u2019IPEN des arbres remarquables et la pr\u00e9servation des grands arbres existants pour \u00e9viter l\u2019accroissement de&nbsp; l\u2019ilot de chaleur urbain.<\/p>\n<p><span style=\"color: #ff0000;\">Nous d\u00e9plorons<\/span><strong>&nbsp;<\/strong>l\u2019absence de g\u00e9olocalisation au PLU 2 des esp\u00e8ces animales et v\u00e9g\u00e9tales alors que ces informations ont \u00e9t\u00e9 en partie \u00e9tablies par Voies Navigables de France le long de la Lys. Une enqu\u00eate faunistique et floristique sur la friche du ch\u00e2teau est en cours.<\/p>\n<p>&nbsp;<\/p>\n<ul>\n<li><strong>Concernant <span style=\"color: #993300;\">les corridors \u00e9cologique<\/span><span style=\"color: #993300;\">s<\/span><\/strong>: Le corridor \u00e9cologique qui va du Hameau des Bois jusqu\u2019\u00e0 la Lys court sur une zone industrielle&nbsp;qui semble avoir \u00e9t\u00e9 \u00e9tendue ; ce corridor et les zones tampons biodiversit\u00e9 n\u2019inclut pas les zones humides de ce secteur.<\/li>\n<li>des actions concr\u00e8tes seront-elles engag\u00e9es dans les zones tampons et les corridors \u00e9cologiques&nbsp;? Car il nous semble que ces zones doivent faire l\u2019objet si n\u00e9cessaire de la recr\u00e9ation de milieux attirants pour la faune et la flore.<\/li>\n<\/ul>\n<p><span style=\"color: #3366ff;\"><strong>&nbsp;La trame verte et bleue est donc assez illisible !<\/strong><\/span><\/p>\n<ul>\n<li>quelle approche \u00e9cosyst\u00e9mique avec la zone Natura 2000 Vall\u00e9e de la lys&nbsp;dans le contexte transfrontalier avec la Belgique?<\/li>\n<li>Rien n\u2019est pr\u00e9vu concernant les zones agricoles situ\u00e9es dans les hauteurs de Bousbecque, entre l\u2019\u00e9tang de p\u00eache et le cimeti\u00e8re mais aussi au-del\u00e0 de la rocade ( hormis le hameau des Bois ), pour pr\u00e9server et restaurer ces zones agricoles. Ces zones agricoles sont \u00e9galement des secteurs paysagers \u00e0 restaurer et des zones de biodiversit\u00e9 \u00e0 entretenir mais aussi \u00e0 restaurer, notamment par la restauration du boisement ancestral en bordure de champs becques et prairies&nbsp;: ceci n\u00e9cessiterait par exemple un <strong>zonage sp\u00e9cial de ces bordures<\/strong> et n\u00e9cessiterait d\u2019accompagner les agriculteurs pour recenser les zones \u00e9ligibles par exemple. Ceci aiderait aussi les agriculteurs \u00e0 s\u2019orienter plus facilement vers une agriculture plus \u00e9cologique.<\/li>\n<\/ul>\n<p>Qu\u2019aucune zone artisanale industrielle ou commerciale nouvelle ne soit possible sans avoir \u00e9tudi\u00e9 les possibilit\u00e9s offertes \u00e0 Bousbecque et dans les communes limitrophes sur les friches industrielles et commerciales d\u00e9j\u00e0 existantes qui peuvent \u00eatre d\u00e9pollu\u00e9es et r\u00e9utilis\u00e9es \u00e0 cette m\u00eame fin industrielle et artisanale ou commerciale.<\/p>\n<p><span style=\"color: #ff0000;\">Nous demandons<\/span> une explication concernant la zone industrielle class\u00e9e en UE au Chemin du Pont des Vaches donnant sur les prairies en zone naturelle \u00e9cologique de la Lys se soit quelque peu \u00e9tendue \u00e0 l\u2019arri\u00e8re des maisons particuli\u00e8res, et pourquoi la zone tampon des r\u00e9servoirs de biodiversit\u00e9 ne s\u2019\u00e9tend pas jusqu\u2019\u00e0 l\u2019arri\u00e8re des maisons particuli\u00e8res .<\/p>\n<p>Au total les milieux naturels sont peu nombreux avec un taux de boisement tr\u00e8s bas. Le nombre de m\u00e8tres carr\u00e9s de nature hors agriculture chimique est extr\u00eamement bas bien que nous soyons dans l\u2019h\u00e9micycle agricole.<\/p>\n<p><strong>Concernant <span style=\"color: #993300;\">la gestion de l\u2019eau<\/span><\/strong>&nbsp;:<\/p>\n<ul>\n<li>Un nouveau forage a \u00e9t\u00e9 autoris\u00e9 pour la papeterie sans \u00e9tude d\u2019impact de cette mesure sur les nappes phr\u00e9atiques car l\u2019entreprise ne peut plus utiliser l\u2019eau de la Lys trop pollu\u00e9e particuli\u00e8rement dans le bras mort de la lys&nbsp;.<\/li>\n<li>Quid du nettoyage et de la mise en valeur du <strong>bras mort de la lys&nbsp;<\/strong>dont la commune souhaite une d\u00e9pollution et un am\u00e9nagement dans le cadre de la trame bleue et verte.<\/li>\n<li>La Lys est artificialis\u00e9e et pollu\u00e9e, ainsi que les becques.<\/li>\n<li>quelle prise en compte du SAGE de la Lys&nbsp;? ( sch\u00e9ma d\u2019Am\u00e9nagement et Gestion de l\u2019Eau )<\/li>\n<li>La cartographie des zones humides est lacunaire<\/li>\n<li><\/li>\n<\/ul>\n<p><span style=\"color: #993300;\"><strong><span style=\"color: #993300;\">Agriculture<\/span> et <span style=\"color: #993300;\">alimentation<\/span><\/strong><\/span>&nbsp;:<\/p>\n<p>Aucune pr\u00e9vision concernant <strong>l\u2019autonomie alimentaire<\/strong>&nbsp;.<\/p>\n<p>L\u2019 agriculture chimique domine largement ce qui est dangereux pour la sant\u00e9, la biodiversit\u00e9, les sols, l\u2019eau et les nappes phr\u00e9atiques&nbsp;.<\/p>\n<p>La promotion faite par la MEL des usines de m\u00e9thanisation n\u2019anticipe pas les cons\u00e9quences sur l\u2019air, les sols, l\u2019eau \u2026 et donc les populations humaines et autres esp\u00e8ces du r\u00e8gne animal et v\u00e9g\u00e9tal.<\/p>\n<p><strong>Concernant <span style=\"color: #993300;\">les d\u00e9placements<\/span> et <span style=\"color: #993300;\">la qualit\u00e9 de l\u2019air<\/span><\/strong>&nbsp;:<\/p>\n<p>Quid d\u2019am\u00e9nagements pour favoriser les d\u00e9placements doux ( pi\u00e9tons, v\u00e9los) notamment rue de Wervicq o\u00f9 un am\u00e9nagement de la MEL est pr\u00e9vu&nbsp;: seuls les passages pi\u00e9tons existants seront remis en valeur.<\/p>\n<p>Mais la limite vers Wervicq de la commune,&nbsp; o\u00f9 il existe un foyer d\u2019accueil d\u2019enfants, n\u2019est m\u00eame pas prise en compte dans ces r\u00e9am\u00e9nagements&nbsp;: un passage pi\u00e9ton sp\u00e9cifique vers ce foyer qui donne acc\u00e8s aussi au chemin du Pont des Vaches pour acc\u00e8s \u00e0 la Lys devrait \u00eatre cr\u00e9\u00e9 ainsi que l\u2019am\u00e9nagement des trottoirs pour y acc\u00e9der car cette zone repr\u00e9sente un r\u00e9el danger pour les d\u00e9placements doux type v\u00e9lo\/ trottinette et pi\u00e9ton.<\/p>\n<p>Il serait \u00e9galement int\u00e9ressant de r\u00e9fl\u00e9chir \u00e0 une protection et une mise en valeur ou une cr\u00e9ation des cheminements pour les chevaux par exemple par un zonage ou un autre moyen.<\/p>\n<p>A quand le r\u00e9el d\u00e9senclavement de la Vall\u00e9e de la Lys par des horaires de bus cadenc\u00e9s et \u00e9tablis en fonction des r\u00e9els besoins des habitants&nbsp;?&nbsp; Des bus qui redonneraient vie \u00e0 l\u2019ancien tram de la vall\u00e9e de la Lys .<\/p>\n<p>Il serait judicieux \u00e9galement de faire profiter l\u2019ensemble du territoire m\u00e9tropolitain du dispositif de location de v\u00e9los en libre service, le V&rsquo;Lille.<\/p>\n<p>Quid du tram-train Comines-Lille&nbsp;?<\/p>\n<p>Quid d\u2019une voie r\u00e9serv\u00e9e aux bus , taxis et covoiturage sur l\u2019A22&nbsp; o\u00f9 la voie centrale aurait pu \u00eatre am\u00e9nag\u00e9e suite aux travaux concernant les tuyaux de gaz&nbsp;?<\/p>\n<p><span style=\"color: #993300;\">Au total sur Bousbecque la qualit\u00e9 de l\u2019air est globalement mauvaise<\/span> ( pollutions aux dioxines et PCB qui s\u2019infiltrent dans les sols&nbsp;: l\u2019Agence R\u00e9gionale pour la Sant\u00e9 recommande de ne pas manger les \u0153ufs de nos poules )&nbsp;: pollutions industrielles ainsi que pollutions des particuliers&nbsp;: br\u00fblages et d\u00e9p\u00f4ts sauvages, garages de ville , d\u00e9pendance \u00e0 la voiture.<\/p>\n<p><strong><span style=\"text-decoration: underline;\"><span style=\"color: #3366ff; text-decoration: underline;\">En conclusion<\/span><\/span>, <span style=\"color: #3366ff;\">le PLU2 r\u00e9pond insuffisamment aux enjeux environnementaux !<\/span><\/strong><\/p>\n","protected":false},"excerpt":{"rendered":"<p>Contribution \u00e0 l\u2019enqu\u00eate publique PLU2 \u2013 11 janvier 2019 \u2013 Association Citoyenne pour l\u2019Environnement \u00e0 Bousbecque&nbsp;(&nbsp;ACEB ). l\u2019ACEB confirme l\u2019avis de la MRES et certains points soulev\u00e9s par la MRAE&nbsp;: \u00ab\u00a0Bousbecque est une illustration parfaite des manques et insuffisances du PLU 2\u00a0\u00bb&nbsp;:&nbsp;Soulign\u00e9s par ces deux instances. SUR LA FORME&nbsp;: &nbsp;Le PLU est indigeste donc illisible&nbsp;: [&hellip;]<\/p>\n","protected":false},"author":3,"featured_media":0,"comment_status":"open","ping_status":"open","sticky":false,"template":"","format":"standard","meta":{"site-sidebar-layout":"default","site-content-layout":"","ast-site-content-layout":"default","site-content-style":"default","site-sidebar-style":"default","ast-global-header-display":"","ast-banner-title-visibility":"","ast-main-header-display":"","ast-hfb-above-header-display":"","ast-hfb-below-header-display":"","ast-hfb-mobile-header-display":"","site-post-title":"","ast-breadcrumbs-content":"","ast-featured-img":"","footer-sml-layout":"","theme-transparent-header-meta":"","adv-header-id-meta":"","stick-header-meta":"","header-above-stick-meta":"","header-main-stick-meta":"","header-below-stick-meta":"","astra-migrate-meta-layouts":"default","ast-page-background-enabled":"default","ast-page-background-meta":{"desktop":{"background-color":"var(--ast-global-color-4)","background-image":"","background-repeat":"repeat","background-position":"center center","background-size":"auto","background-attachment":"scroll","background-type":"","background-media":"","overlay-type":"","overlay-color":"","overlay-opacity":"","overlay-gradient":""},"tablet":{"background-color":"","background-image":"","background-repeat":"repeat","background-position":"center center","background-size":"auto","background-attachment":"scroll","background-type":"","background-media":"","overlay-type":"","overlay-color":"","overlay-opacity":"","overlay-gradient":""},"mobile":{"background-color":"","background-image":"","background-repeat":"repeat","background-position":"center center","background-size":"auto","background-attachment":"scroll","background-type":"","background-media":"","overlay-type":"","overlay-color":"","overlay-opacity":"","overlay-gradient":""}},"ast-content-background-meta":{"desktop":{"background-color":"var(--ast-global-color-5)","background-image":"","background-repeat":"repeat","background-position":"center center","background-size":"auto","background-attachment":"scroll","background-type":"","background-media":"","overlay-type":"","overlay-color":"","overlay-opacity":"","overlay-gradient":""},"tablet":{"background-color":"var(--ast-global-color-5)","background-image":"","background-repeat":"repeat","background-position":"center center","background-size":"auto","background-attachment":"scroll","background-type":"","background-media":"","overlay-type":"","overlay-color":"","overlay-opacity":"","overlay-gradient":""},"mobile":{"background-color":"var(--ast-global-color-5)","background-image":"","background-repeat":"repeat","background-position":"center center","background-size":"auto","background-attachment":"scroll","background-type":"","background-media":"","overlay-type":"","overlay-color":"","overlay-opacity":"","overlay-gradient":""}},"_jetpack_memberships_contains_paid_content":false,"footnotes":"","jetpack_publicize_message":"","jetpack_publicize_feature_enabled":true,"jetpack_social_post_already_shared":false,"jetpack_social_options":{"image_generator_settings":{"template":"highway","default_image_id":0,"font":"","enabled":false},"version":2}},"categories":[53],"tags":[],"class_list":["post-523","post","type-post","status-publish","format-standard","hentry","category-vie-de-la-commune"],"jetpack_publicize_connections":[],"jetpack_featured_media_url":"","jetpack_sharing_enabled":true,"_links":{"self":[{"href":"https:\/\/acebousbecque.fr\/index.php\/wp-json\/wp\/v2\/posts\/523","targetHints":{"allow":["GET"]}}],"collection":[{"href":"https:\/\/acebousbecque.fr\/index.php\/wp-json\/wp\/v2\/posts"}],"about":[{"href":"https:\/\/acebousbecque.fr\/index.php\/wp-json\/wp\/v2\/types\/post"}],"author":[{"embeddable":true,"href":"https:\/\/acebousbecque.fr\/index.php\/wp-json\/wp\/v2\/users\/3"}],"replies":[{"embeddable":true,"href":"https:\/\/acebousbecque.fr\/index.php\/wp-json\/wp\/v2\/comments?post=523"}],"version-history":[{"count":2,"href":"https:\/\/acebousbecque.fr\/index.php\/wp-json\/wp\/v2\/posts\/523\/revisions"}],"predecessor-version":[{"id":589,"href":"https:\/\/acebousbecque.fr\/index.php\/wp-json\/wp\/v2\/posts\/523\/revisions\/589"}],"wp:attachment":[{"href":"https:\/\/acebousbecque.fr\/index.php\/wp-json\/wp\/v2\/media?parent=523"}],"wp:term":[{"taxonomy":"category","embeddable":true,"href":"https:\/\/acebousbecque.fr\/index.php\/wp-json\/wp\/v2\/categories?post=523"},{"taxonomy":"post_tag","embeddable":true,"href":"https:\/\/acebousbecque.fr\/index.php\/wp-json\/wp\/v2\/tags?post=523"}],"curies":[{"name":"wp","href":"https:\/\/api.w.org\/{rel}","templated":true}]}}