{"id":526,"date":"2019-04-02T10:58:02","date_gmt":"2019-04-02T09:58:02","guid":{"rendered":"http:\/\/acebousbecque.fr\/?p=526"},"modified":"2022-09-18T22:29:48","modified_gmt":"2022-09-18T21:29:48","slug":"la-friche-du-chateau-vue-par-laceb","status":"publish","type":"post","link":"https:\/\/acebousbecque.fr\/index.php\/2019\/04\/02\/la-friche-du-chateau-vue-par-laceb\/","title":{"rendered":"La Friche du Ch\u00e2teau vue par l\u2019ACEB"},"content":{"rendered":"<p><em><span style=\"color: #3366ff;\">Il y a maintenant quelques ann\u00e9es d\u00e9j\u00e0, la d\u00e9molition de la ferme du Ch\u00e2teau de Bousbecque (ferme-manoir) aura\u00a0\u00e9t\u00e9 pour les Bousbecquois un scandale et pour certains une faute majeure ! \u00a0Aujourd&rsquo;hui, la friche du Ch\u00e2teau qui lui succ\u00e8de doit \u00eatre am\u00e9nag\u00e9e. Le tout est de savoir comment ?\u00a0<\/span><\/em><\/p>\n<p><span style=\"color: #000000;\"><strong><span style=\"font-family: 'Source Sans Pro';\">Il nous est apparu <\/span><span style=\"font-family: 'Source Sans Pro';\">n\u00e9cessaire \u00e0 l&rsquo;ACEB<\/span><span style=\"font-family: 'Source Sans Pro';\">\u00a0de faire la <\/span><\/strong>liste des besoins\u00a0<span style=\"font-family: 'Source Sans Pro';\">de la commune et de ses habitants. En quelque sorte c&rsquo;est un peu \u00ab\u00a0<\/span>la liste de nos envies \u00e0 nous les citoyens<span style=\"font-family: 'Source Sans Pro';\">\u00a0\u00bb et ceci dans le respect du cadre de vie, de l&rsquo;\u00e9cologie et de l&rsquo;environnement.<\/span><\/span><\/p>\n<p><strong><span style=\"color: #993300;\">\u00a0 \u00a0 \u00a0 \u00a0 \u00a0 \u00a0 La Friche du Ch\u00e2teau vue par l\u2019ACEB<\/span> \u00a0=&gt;<\/strong><\/p>\n<ul>\n<li>Il n\u2019existe <strong>pas d\u2019espace public ni de vrai parc public \u00e0 Bousbecque,<\/strong>\u00a0mis \u00e0 part le petit parc \u00e0 jeux au bout de la pelouse interdite du parc de la mairie. Or il y a beaucoup de petites maisons ouvri\u00e8res qui ne disposent pas d\u2019un vrai jardin. Avec la densification du bati et la construction de petits immeubles, pouvoir respirer dans un espace vert public devient vital.<\/li>\n<li>le projet sur la friche du ch\u00e2teau doit \u00eatre une tr\u00e8s belle occasion de <strong>cr\u00e9er de l\u2019espace naturel public favorisant le lien social.<\/strong><\/li>\n<li><strong>les seuls grands, beaux et vrais arbres\u00a0<\/strong>sont des arbres des grands jardins <strong>priv\u00e9s\u00a0<\/strong>h\u00e9ritiers des ch\u00e2teaux et des maisons de ma\u00eetre des anciens patrons des usines. Ces espaces sont la proie d\u2019app\u00e9tits immobiliers. <strong>Les bois de Bousbecque\u00a0sont<\/strong><strong>\u00a0priv\u00e9s et clotur\u00e9s<\/strong>, donc bien que nous soyons \u00e0 la \u00ab\u00a0campagne\u00a0\u00bb le taux de boisement par habitant est tr\u00e8s faible.<\/li>\n<li>Nous demandons de <strong>garder en vie les grands arbres de la friche du ch\u00e2teau<\/strong>. Cet espace qui fait le tour de l\u2019ancienne ferme-manoir pourrait constituer une des parties d\u2019un grand parc public et de promenade.<\/li>\n<\/ul>\n<ul>\n<li><strong>les chemins de promenade <\/strong>sont constitu\u00e9s des chemins servant \u00e0 l\u2019acc\u00e8s aux quelques champs en haut de Bousbecque\u00a0; la seule promenade proche du centre ville est le chemin de halage de la Lys . Or\u00a0<strong>les acc\u00e8s \u00e0 la Lys sont difficiles\u00a0: <\/strong>la superbe passerelle \u00e0 venir sera un acc\u00e8s indispensable\u00a0!<\/li>\n<li>le projet sur la friche du ch\u00e2teau doit <strong>permettre de multiplier les points d\u2019acc\u00e8s au chemin de halage de la Lys, projet europ\u00e9en.<\/strong><\/li>\n<li>Longtemps du temps o\u00f9 le chemin de halage n\u2019\u00e9tait pas restaur\u00e9, nous avons\u00a0ignor\u00e9 jusqu\u2019\u00e0 l\u2019existence ce cette belle rivi\u00e8re frontali\u00e8re et de ses beaux paysages form\u00e9s de prairies naturelles qui accueuillent nombre d\u2019esp\u00e8ces migratoires, mais aussi nombre <strong>d\u2019esp\u00e8ces animales recens\u00e9es par les Voies Navigables de France<\/strong>. La \u00ab\u00a0fen\u00eatre\u00a0\u00bb sur la Lys restante entre le champ et les maisons est dissym\u00e9trique et insuffisante.<\/li>\n<\/ul>\n<ul>\n<li>Il faut favoriser l\u2019implantation de la <strong>faune et flore sauvage.<\/strong><\/li>\n<li>le projet sur la friche du ch\u00e2teau doit permettre de <strong>pouvoir apercevoir la Lys<\/strong>, ses p\u00e9niches , et les rives de la Belgique depuis la rue de Wervicq, ce qui cultive l\u2019\u0153il et l\u2019esprit\u00a0: sentiment d\u2019appartenance \u00e0 l\u2019Europe , sentiment de faire corps avec le paysage et la nature .<\/li>\n<li>Il serait tr\u00e8s n\u00e9cessaire que le projet sur la friche du ch\u00e2teau permette <strong>de rouvrir la vue et d\u00e9velopper la connaissance de la zone naturelle sanctuaris\u00e9e.<\/strong><strong>\u00a0<\/strong>Cela permettrait aussi de pouvoir observer les oiseaux migrateurs sans les d\u00e9ranger, de prendre conscience de cet \u00e9cosyst\u00e8me. \u00a0<em>Le sommet\u00a0 de la cuve \u2013 \u00e0 solvants &#8211; ressemblant \u00e0 un mini-gazom\u00e8tre pourrait pourquoi \u00e9galement \u00eatre r\u00e9utilis\u00e9 en point de vue !?\u00a0<\/em><\/li>\n<li>la commune est en carence des haies traditionnelles de bordure de champs r\u00e9servoirs de biodiversit\u00e9 pour nombre d\u2019esp\u00e8ces animales. Les essences utilis\u00e9es pour les <strong>haies arbustives et arbres\u00a0<\/strong>devraient prioritairement \u00eatre celles recommand\u00e9es par le <strong>Conservatoire R\u00e9gional<\/strong>: prunellier, \u00e9glantier, orme arbustif, charme arbustif, \u00e9rable champ\u00eatre, arbre \u00e0 poules, troene, cornouiller, saule osier, saule marsault, etc<\/li>\n<\/ul>\n<ul>\n<li>le site est historique\u00a0: site du manoir d\u2019Auger de Bousbecque , humaniste , botaniste et voyageur polyglotte. Sur les cartes IGN on retrouve toujours le trac\u00e9 de mini-douves entourant cette ferme-manoir. La pr\u00e9sence de l\u2019eau est forte.<\/li>\n<li>le projet sur la friche du ch\u00e2teau doit permettre de mettre en valeur l\u2019histoire du site\u00a0: <strong>r\u00e9utilisation d\u2019une mani\u00e8re ou d\u2019une autre des mat\u00e9riaux de la ferme\u00a0<\/strong>: des carrelages restants, des caves \u00e0 voutains de briques, mais aussi la\u00a0<strong>restauration du syst\u00e8me de douves\u00a0<\/strong>au sein du parc , prise en compte de la pr\u00e9sence de l\u2019eau et de son n\u00e9cessaire ruissellement mais aussi de la possibilit\u00e9 de <strong>stocker et utiliser l\u2019eau de pluie par les \u00e9quipements et habitations.<\/strong><\/li>\n<li>Pour autant, il n\u2019est pas n\u00e9cessaire de gommer enti\u00e8rement l\u2019histoire industrielle du site . Nous avons \u00e9t\u00e9 plusieurs \u00e0 trouver amusant l\u2019enchev\u00eatrement ext\u00e9rieur de gros tuyaux du syst\u00e8me d\u2019a\u00e9ration type \u00ab\u00a0 Centre Pompidou-Beaubourg\u00a0\u00bb. Un <strong>d\u00e9tournement artistique et color\u00e9 de ces tuyaux d\u2019a\u00e9ration <\/strong>serait un clin d\u2019\u0153il historique amusant au g\u00e9nie humain et \u00e0 ses folies \u2026(Cela pourrait m\u00eame faire l\u2019objet d\u2019un projet artistique \u00e0 mettre en place entre la commune et l\u2019\u00e9ducation nationale par les \u00e9l\u00e8ves des \u00e9coles ou des centres a\u00e9r\u00e9s ou r\u00e9sidents de l\u2019Arpih, voire m\u00eame pour tous les habitants )<\/li>\n<\/ul>\n<ul>\n<li>Il n\u2019existe aucun point de ravitaillement sur la Lys ni aucun point pour s\u2019arr\u00eater et profiter du paysage, et discuter.<\/li>\n<li>nous sommes nombreux \u00e0 souhaiter une <strong>guinguette\u00a0<\/strong>(ou un endroit convivial et familial comme les Biergarten en Allemagne, o\u00f9 l\u2019on pourrait d\u00e9guster notamment la bi\u00e8re de Bousbecque et les fameuses frites du Nord ) le long de la Lys , et pourquoi pas avec un <strong>kiosque \u00e0 musique<\/strong>. Cela pourrait constituer un point d\u2019activit\u00e9 \u00e9conomique. L\u2019achalandage pourrait \u00eatre r\u00e9parti entre les diff\u00e9rents d\u00e9bits de boisson et de frites ou pizzas de la commune et renforcer ainsi leur activit\u00e9.<\/li>\n<\/ul>\n<ul>\n<li>Il n\u2019existe aucun espace public capable d\u2019accueillir un forum, une f\u00eate en ext\u00e9rieur, un cirque \u2026<\/li>\n<li>le parc pourrait avoir une partie qui resterait <strong>une prairie\u00a0<\/strong>o\u00f9 les gens pourraient amener leur serviette de plage, profiter du soleil, jouer au foot \u2026 Pourquoi pas un espace de <strong>plage herbeuse\u00a0<\/strong>?<\/li>\n<li>Un lieu de rencontre et de d\u00e9tente nous semble, sur ce projet, comme \u00e9tant indispensable.<\/li>\n<\/ul>\n<ul>\n<li>la commune ne dispose pas de <strong>r\u00e9elle salle des f\u00eates<\/strong>. R\u00e9utiliser la dalle de b\u00e9ton du hangar vert le long de la Lys pour le transformer en salle des f\u00eates avec possibilit\u00e9\u00a0d\u2019ouvrir de <strong>multiples baies vitr\u00e9es ouvrables sur la Lys et la terrasse\u00a0<\/strong>(ou dans d\u2019autres mat\u00e9riaux laissant passer la lumi\u00e8re) et pouvoir sortir sur la <strong>terrasse le long de la Lys <\/strong>lorsque le temps le permet. \u00a0Mais il y aurait le <strong>probl\u00e8me de la nuisance sonore<\/strong>\u00a0et de la r\u00e9sonnance dans cet espace ouvert sur les prairies\u00a0: Faire des murs en <strong>mat\u00e9riaux \u00e9cologiques isolants\u00a0<\/strong>du bruit\u00a0? =&gt; pourquoi pas un torchis modernis\u00e9 !\u00a0Il faudrait pouvoir y trouver une <strong>sc\u00e8ne modulable en son milieu<\/strong>\u00a0; un <strong>sol<\/strong>\u00a0permettant la danse\u00a0; une <strong>acoustique\u00a0<\/strong>permettant de profiter du travail et des concerts de l\u2019Ecole Municipale de Musique, de l\u2019Harmonie municipale, des chorales et chorales des \u00e9coles.\u00a0Des <strong>murs int\u00e9rieurs <\/strong>permettant de projeter des images et d\u2019accrocher des tableaux.<\/li>\n<\/ul>\n<ul>\n<li>Notons que les habitants de la commune ont besoin de <strong>salles r\u00e9servables pour des c\u00e9r\u00e9monies et f\u00eates familiales et \u00e9v\u00e9nements priv\u00e9s , hors du contexte associatif<\/strong>, avec cuisine .<\/li>\n<\/ul>\n<ul>\n<li>la ville est en carence de <strong>logements sociaux<\/strong>. Nous demandons \u00e0 ce qu\u2019ils soient construits\u00a0selon les r\u00e8gles des\u00a0<strong>\u00e9coquartiers<\/strong>, respectueux de l&rsquo;environnement, \u00e9cologique et offrant un cadre de vie agr\u00e9able pour ses habitants.<\/li>\n<\/ul>\n<ul>\n<li><strong>Une \u00e9cole publique\u00a0<\/strong>: La commune a besoin de r\u00e9habiliter en profondeur les batiments du groupe scolaire public actuellement \u00e9clat\u00e9 sur 3 batiments ou de construire de nouveaux batiments scolaires. Un nouveau b\u00e2timent pour le groupe scolaire public avec 3 <strong>cours de r\u00e9cr\u00e9ation s\u00e9par\u00e9es\u00a0<\/strong>seraient n\u00e9cessaires en regard des diff\u00e9rences d\u2019\u00e2ge des enfants ( maternelles\u00a0; CP-CE1-CE2\u00a0; CM1-CM2).\u00a0L\u2019espace de la friche du ch\u00e2teau le permettrait mais qui dit \u00e9cole dit n\u00e9cessit\u00e9 d\u2019\u00eatre \u00e9quip\u00e9 \u00e0 proximit\u00e9 de\u00a0: <strong>cantine restaurant municipal, salle de sport<\/strong>.<\/li>\n<\/ul>\n<ul>\n<li><strong>Il ne faut pas que cette partie de la commune devienne une cit\u00e9 dortoir \u00e0 l\u2019int\u00e9rieur de la commune o\u00f9 les gens ne resteraient qu\u2019entre eux\u00a0<\/strong>et ne feraient que le trajet \u00e9cole-maison.\u00a0Si l\u2019emplacement de l\u2019\u00e9cole publique est d\u00e9cid\u00e9 sur ce site, <strong>cette \u00e9cole et ses citoyens-usagers ne doivent pas se sentir rel\u00e9gu\u00e9s \u00e0 l\u2019ext\u00e9rieur de la ville<\/strong>.<\/li>\n<\/ul>\n<ul>\n<li>la commune ne dispose pas de jardins familiaux ou d\u2019espaces de culture potag\u00e8re et fruiti\u00e8re. Il serait judicieux de pr\u00e9voir des <strong>espaces d\u00e9di\u00e9s \u00e0 des\u00a0<\/strong><strong>potagers partag\u00e9s\u00a0<\/strong>type \u00ab\u00a0incroyables comestibles\u00a0\u00bb et de pr\u00e9voir que <strong>les essences plant\u00e9es pour les espaces verts soient prioritairement des\u00a0<\/strong><strong>fruitiers<\/strong> \u00e0 cueillir et glaner librement (noyers, noisetiers, pommiers, poiriers, cerisiers,pruniers, framboisiers, m\u00fbres etc ) choisies parmi les esp\u00e8ces du <strong>Conservatoire R\u00e9gional<\/strong>\u00a0et que l\u2019entretien du parc soit fait de mani\u00e8re biologique.<\/li>\n<\/ul>\n<ul>\n<li>Concernant les <strong>d\u00e9jections canines\u00a0<\/strong>: Pr\u00e9voir des espaces de <strong>toutes\u00a0<\/strong><strong>petites prairies bord\u00e9es de haies\u00a0<\/strong>et r\u00e9serv\u00e9es aux d\u00e9jections des animaux<\/li>\n<\/ul>\n<ul>\n<li>La commune a besoin de <strong>salles de sport<\/strong><\/li>\n<li>La commune a besoin de <strong>r\u00e9els lieux et salles d\u2019activit\u00e9s\u00a0<\/strong>pour les <strong>Accueils de Loisirs\u00a0<\/strong>notamment lors de vacances scolaires.<\/li>\n<li>La commune a besoin de <strong>salles de r\u00e9union pour les nombreuses associations avec possibilit\u00e9 de rangements stockages de mat\u00e9riels. <\/strong>De plus, nombre de friches tertiaires et commerciales aujourd\u2019hui sont reconverties en <strong>espaces de lieux solidaires d\u2019\u00e9changes de savoirs et de services\u00a0: <\/strong>pr\u00e9voir ce type d\u2019espaces est une garantie pour l\u2019avenir .<\/li>\n<\/ul>\n<ul>\n<li><strong>L\u2019ancienne maison du gardien de l\u2019usine<\/strong>, en bordure de la rue de Wervicq, pourait-elle \u00eatre r\u00e9habilit\u00e9e pour y accueillir un gardien-ne d\u00e9di\u00e9\u00a0pour cet espace.<\/li>\n<\/ul>\n<ul>\n<li><strong>l\u2019acc\u00e8s et l\u2019accessibilit\u00e9 \u00e0 ces \u00e9quipements\u00a0: <\/strong>inciter et pr\u00e9voir l\u2019imp\u00e9rieuse n\u00e9cessit\u00e9 de <strong>favoriser les\u00a0<\/strong><strong>d\u00e9placements doux\u00a0<\/strong>( \u00e0 pied, \u00e0 v\u00e9lo, trottinettes, poussettes, fauteuils roulants \u2026 , chevaux \u2026) d\u2019o\u00f9 n\u00e9cessit\u00e9 piste cyclable et roulable et de trotttoirs pi\u00e9tons tout le long de la rue de Wervicq ( trac\u00e9 de l\u2019ancien tram)<\/li>\n<\/ul>\n<ul>\n<li>Le <strong>lien avec les commerces existants sur la rue de Wervicq<\/strong>: des zones tr\u00e8s larges de travers\u00e9e s\u00e9curis\u00e9e d\u2019un cot\u00e9 \u00e0 l\u2019autre de la rue de Wervicq doivent \u00eatre pr\u00e9vues avec priorit\u00e9 des pi\u00e9tions et cycles sur les voitures.<\/li>\n<\/ul>\n<ul>\n<li>les usages de la Lys\u00a0: pr\u00e9voir des points d\u2019ancrage et un appontement pour un futur arr\u00eat de <strong>p\u00e9niche touristique<\/strong>, un acc\u00e8s \u00e0 l\u2019eau pour des\u00a0<strong>cano\u00ebs\u00a0<\/strong>le week-end.<\/li>\n<\/ul>\n<ul>\n<li>des projets <strong>d\u2019extension de la\u00a0<\/strong><strong>zone industrielle\u00a0<\/strong>situ\u00e9e en face du site sont pr\u00e9vus <strong>en Belgique\u00a0<\/strong>flamande n\u00e9cessitent de\u00a0n\u00e9gocier avec les diff\u00e9rentes instances en Belgique et dans le cadre des projets europ\u00e9ens, un <strong>traitement paysager particuli\u00e8rement attentif<\/strong>: haies et arbres ou zutres moyens s\u2019int\u00e9grant dans le paysage <strong>pour masquer les<\/strong><strong>nuisances visuelles, sonores, olfactives de la zone industrielle pr\u00e9vue en Flandre.<\/strong><\/li>\n<li><strong>Concernant la question des mat\u00e9riaux \u00e0 utiliser\u00a0: <\/strong>\n<p>Il nous semble novateur <strong>d\u2019utiliser sur le site \u00e0 la fois des mat\u00e9riaux innovants mais aussi des mat\u00e9riaux ou techniques plus ancestrales et naturelles<\/strong><strong>pour mettre en valeur l\u2019historicit\u00e9 du site<\/strong>. L\u2019utilisation de <strong>mat\u00e9riaux transparents ou r\u00e9fl\u00e9chissant<\/strong>la lumi\u00e8re peut tout \u00e0 fait \u00eatre combin\u00e9e \u00e0 des constructions utilisant <strong>le torchis, la brique, le bois<\/strong>. Les mat\u00e9riaux naturels ont pour avantage d\u2019insonoriser. Ce site pourrait \u00eatre aussi un lieu <strong>de r\u00e9-apprentissage de techniques de construction plus \u00e9conomes et autonomes <\/strong>avec la terre argileuse du nord . N\u2019oublions pas <strong>la fibre de lin<\/strong>historiquement implant\u00e9e dans la vall\u00e9e de la Lys\u00a0: cultiv\u00e9e dans ses prairies qui se couvraient de fleurettes bleues, trempage et rouissage dans les eaux b\u00e9n\u00e9fiques de la Lys, utilisations diverses\u00a0: tissages d\u2019habits, de tuyaux de lin, papier , aujourd\u2019hui isolation \u2026 ( voir le syndicat du lin implant\u00e9 \u00e0 Linselles ).<\/p>\n<p><strong>Concernant la d\u00e9clivit\u00e9 du site et le jeu sur les verticalit\u00e9s\u00a0 et les hauteurs<\/strong>\u00a0:<\/p>\n<p>Autant la Lys est toujours presque horizontale , tellement peu d\u00e9clivante sauf \u00e0 l\u2019\u00e9cluse de Menin, autant ses rives d\u00e9clivent doucement vers elle, et autant on pourra jouer sur la d\u00e9clivit\u00e9 du site en contrepoint\u00a0mais toujours en respectant la nature omnipr\u00e9sente\u00a0: on pourrait alors ne pas h\u00e9siter \u00e0 <strong>jouer avec des toits-terrasses enti\u00e8rement v\u00e9g\u00e9talis\u00e9s<\/strong>\u00a0; voire m\u00eame certains chemins de promenade du parc pourraient se sur\u00e9lever sur une <strong>petite passerelle a\u00e9rienne en bois et corde ou en m\u00e9tal pour approcher la canop\u00e9e<\/strong>, certains chemins pourraient \u00e9galement passer par les toits-terrasses v\u00e9g\u00e9talis\u00e9s, et certains toits-terrasses v\u00e9g\u00e9talis\u00e9s pourraient communiquer entre eux \u2026<\/p>\n<p>Ne pas h\u00e9siter aussi \u00e0 <strong>v\u00e9g\u00e9taliser les murs<\/strong>par des plantes grimpantes et des plantes implant\u00e9es dans des niches .<\/p>\n<p>Nous sommes impatients des ateliers citoyens afin de pouvoir \u00e9changer les id\u00e9es pr\u00e9sent\u00e9es ici et construire avec l\u2019ensemble des habitants le projet de la friche du ch\u00e2teau.<\/li>\n<\/ul>\n<p><span style=\"color: #993300;\">Cet inventaire complet des envies citoyennes sur le futur projet de la Friche du Ch\u00e2teau a \u00e9t\u00e9 communiqu\u00e9 aux autorit\u00e9s comp\u00e9tantes telles que l&rsquo;EPF, le BLAU, la MEL ainsi qu&rsquo;\u00e0 l&rsquo;autorit\u00e9 municipale Bousbecquoise.\u00a0<\/span><\/p>\n","protected":false},"excerpt":{"rendered":"<p>Il y a maintenant quelques ann\u00e9es d\u00e9j\u00e0, la d\u00e9molition de la ferme du Ch\u00e2teau de Bousbecque (ferme-manoir) aura\u00a0\u00e9t\u00e9 pour les Bousbecquois un scandale et pour certains une faute majeure ! \u00a0Aujourd&rsquo;hui, la friche du Ch\u00e2teau qui lui succ\u00e8de doit \u00eatre am\u00e9nag\u00e9e. Le tout est de savoir comment ?\u00a0 Il nous est apparu n\u00e9cessaire \u00e0 l&rsquo;ACEB\u00a0de [&hellip;]<\/p>\n","protected":false},"author":3,"featured_media":0,"comment_status":"open","ping_status":"open","sticky":false,"template":"","format":"standard","meta":{"site-sidebar-layout":"default","site-content-layout":"","ast-site-content-layout":"default","site-content-style":"default","site-sidebar-style":"default","ast-global-header-display":"","ast-banner-title-visibility":"","ast-main-header-display":"","ast-hfb-above-header-display":"","ast-hfb-below-header-display":"","ast-hfb-mobile-header-display":"","site-post-title":"","ast-breadcrumbs-content":"","ast-featured-img":"","footer-sml-layout":"","theme-transparent-header-meta":"","adv-header-id-meta":"","stick-header-meta":"","header-above-stick-meta":"","header-main-stick-meta":"","header-below-stick-meta":"","astra-migrate-meta-layouts":"default","ast-page-background-enabled":"default","ast-page-background-meta":{"desktop":{"background-color":"var(--ast-global-color-4)","background-image":"","background-repeat":"repeat","background-position":"center center","background-size":"auto","background-attachment":"scroll","background-type":"","background-media":"","overlay-type":"","overlay-color":"","overlay-opacity":"","overlay-gradient":""},"tablet":{"background-color":"","background-image":"","background-repeat":"repeat","background-position":"center center","background-size":"auto","background-attachment":"scroll","background-type":"","background-media":"","overlay-type":"","overlay-color":"","overlay-opacity":"","overlay-gradient":""},"mobile":{"background-color":"","background-image":"","background-repeat":"repeat","background-position":"center center","background-size":"auto","background-attachment":"scroll","background-type":"","background-media":"","overlay-type":"","overlay-color":"","overlay-opacity":"","overlay-gradient":""}},"ast-content-background-meta":{"desktop":{"background-color":"var(--ast-global-color-5)","background-image":"","background-repeat":"repeat","background-position":"center center","background-size":"auto","background-attachment":"scroll","background-type":"","background-media":"","overlay-type":"","overlay-color":"","overlay-opacity":"","overlay-gradient":""},"tablet":{"background-color":"var(--ast-global-color-5)","background-image":"","background-repeat":"repeat","background-position":"center center","background-size":"auto","background-attachment":"scroll","background-type":"","background-media":"","overlay-type":"","overlay-color":"","overlay-opacity":"","overlay-gradient":""},"mobile":{"background-color":"var(--ast-global-color-5)","background-image":"","background-repeat":"repeat","background-position":"center center","background-size":"auto","background-attachment":"scroll","background-type":"","background-media":"","overlay-type":"","overlay-color":"","overlay-opacity":"","overlay-gradient":""}},"_jetpack_memberships_contains_paid_content":false,"footnotes":"","jetpack_publicize_message":"","jetpack_publicize_feature_enabled":true,"jetpack_social_post_already_shared":false,"jetpack_social_options":{"image_generator_settings":{"template":"highway","default_image_id":0,"font":"","enabled":false},"version":2}},"categories":[53],"tags":[],"class_list":["post-526","post","type-post","status-publish","format-standard","hentry","category-vie-de-la-commune"],"jetpack_publicize_connections":[],"jetpack_featured_media_url":"","jetpack_sharing_enabled":true,"_links":{"self":[{"href":"https:\/\/acebousbecque.fr\/index.php\/wp-json\/wp\/v2\/posts\/526","targetHints":{"allow":["GET"]}}],"collection":[{"href":"https:\/\/acebousbecque.fr\/index.php\/wp-json\/wp\/v2\/posts"}],"about":[{"href":"https:\/\/acebousbecque.fr\/index.php\/wp-json\/wp\/v2\/types\/post"}],"author":[{"embeddable":true,"href":"https:\/\/acebousbecque.fr\/index.php\/wp-json\/wp\/v2\/users\/3"}],"replies":[{"embeddable":true,"href":"https:\/\/acebousbecque.fr\/index.php\/wp-json\/wp\/v2\/comments?post=526"}],"version-history":[{"count":4,"href":"https:\/\/acebousbecque.fr\/index.php\/wp-json\/wp\/v2\/posts\/526\/revisions"}],"predecessor-version":[{"id":531,"href":"https:\/\/acebousbecque.fr\/index.php\/wp-json\/wp\/v2\/posts\/526\/revisions\/531"}],"wp:attachment":[{"href":"https:\/\/acebousbecque.fr\/index.php\/wp-json\/wp\/v2\/media?parent=526"}],"wp:term":[{"taxonomy":"category","embeddable":true,"href":"https:\/\/acebousbecque.fr\/index.php\/wp-json\/wp\/v2\/categories?post=526"},{"taxonomy":"post_tag","embeddable":true,"href":"https:\/\/acebousbecque.fr\/index.php\/wp-json\/wp\/v2\/tags?post=526"}],"curies":[{"name":"wp","href":"https:\/\/api.w.org\/{rel}","templated":true}]}}