{"id":533,"date":"2019-12-04T11:41:17","date_gmt":"2019-12-04T10:41:17","guid":{"rendered":"http:\/\/acebousbecque.fr\/?p=533"},"modified":"2022-09-18T22:30:02","modified_gmt":"2022-09-18T21:30:02","slug":"notre-projet-de-jardin-partage-a-bousbecque-ou-comment-laceb-joue-son-role-dassociation-environnementale","status":"publish","type":"post","link":"https:\/\/acebousbecque.fr\/index.php\/2019\/12\/04\/notre-projet-de-jardin-partage-a-bousbecque-ou-comment-laceb-joue-son-role-dassociation-environnementale\/","title":{"rendered":"Notre projet de jardin partag\u00e9 \u00e0 Bousbecque ou comment l&rsquo;ACEB joue son r\u00f4le d&rsquo;association environnementale !"},"content":{"rendered":"<p><span style=\"color: #999999;\">D\u00e9cembre 2019<\/span><\/p>\n<p>Projet pr\u00e9sent\u00e9 en Mairie le 25 novembre 2019 par\u00a0:<\/p>\n<p><strong><span style=\"color: #008000;\">L\u2019ACEB <span style=\"text-decoration: underline;\">\u00a0l&rsquo;<\/span><u>Association Citoyenne pour l&rsquo;Environnement \u00e0 Bousbecque<\/u><\/span><\/strong><\/p>\n<p><strong>\u00a0Pr\u00e9ambule\u00a0: <\/strong><span style=\"color: #3366ff;\">Suite \u00e0 l&rsquo;abandon par les agriculteurs de leur projet de centre de m\u00e9thanisation situ\u00e9 derri\u00e8re la nouvelle caserne des pompiers (SDIS) et faute de pouvoir disposer du terrain en question (La nouvelle municipalit\u00e9 actuelle s&rsquo;y refusant) et du fait que cette nouvelle municipalit\u00e9 enclenche \u00e0 son tour un projet de ZAC afin de b\u00e9tonner\u00a0le m\u00eame espace pour y dresser une zone artisanale, suite \u00e0 tout cela donc, l&rsquo;association ACEB qui refuse globalement de voir des terrains agricoles toujours plus b\u00e9tonn\u00e9es, a\u00a0imagin\u00e9 une alternative verte. Voir ci-dessous notre proposition de Potager-Verger communal citoyen biologique en permaculture &#8230;<\/span><\/p>\n<p><strong>\u00a0Notons <\/strong>qu&rsquo;actuellement<strong>\u00a0<\/strong>le terrain appartient \u00e0 la commune, il est en zone agricole.<\/p>\n<p><strong><span style=\"color: #993300;\">Proposition de l\u2019Aceb =&gt; Potager-verger-bois communal participatif et\u00a0citoyen \u00e0 construire avec les citoyens de Bousbecque et d\u2019ailleurs<\/span> =&gt;\u00a0<\/strong>Inspiration\u00a0: jardins ouverts et n\u00e9anmoins cl\u00f4tur\u00e9s\u00a0 avec des \u00e9glantiers, prunelliers et autres arbustes r\u00e9gionaux piquants.<\/p>\n<p><u>Pourquoi\u00a0cette proposition ? \u00a0ses Buts &#8230;<\/u>\u00a0:<\/p>\n<ul>\n<li>+ d\u2019autonomie alimentaire pour tous ( peut \u00eatre un jour y compris pour le restaurant municipal\/communal, selon les normes et r\u00e8glements )<\/li>\n<li>Vers une agriculture \u00e9cologique bio ( + de sant\u00e9 publique = \u00e9conomies s\u00e9curit\u00e9 sociale, h\u00f4pitaux \u2026)<\/li>\n<li>cultiver et se cultiver\u00a0: aspects p\u00e9dagogiques<\/li>\n<\/ul>\n<p><u>Pour qui\u00a0?<\/u>\u00a0:<\/p>\n<ul>\n<li>les habitants qui participent \u00e0 la culture, \u00e0 la r\u00e9colte, \u00e0 l\u2019entretien, etc \u2026 re\u00e7oivent des r\u00e9coltes partag\u00e9es<\/li>\n<li>Le restaurant municipal donc les enfants des \u00e9coles et ALSH prioritairement (fourniture des l\u00e9gumes et fruits)\u00a0;<\/li>\n<\/ul>\n<p><u>O\u00f9\u00a0? Quel espace disponible\u00a0? <\/u><\/p>\n<ul>\n<li>Superficie\u00a0: 5 ha\u00a0= c\u2019est 5 fois l\u2019Amap qui fournit l\u2019Amap de la Lys \u00e0 Halluin<\/li>\n<\/ul>\n<p><u>Comment\u00a0? Ce point peut et doit \u00eatre construit avec les habitants<\/u><\/p>\n<ul>\n<li>Culture participative et partag\u00e9e et p\u00e9dagogique ( savoir par la suite cultiver chez soi et m\u00eame en pots )<\/li>\n<\/ul>\n<p><u>Avantages<\/u>\u00a0:<\/p>\n<ul>\n<li>Le terrain peut rester class\u00e9 en zone agricole<\/li>\n<li>Pas d\u2019achat de terrain par la commune, c\u2019est d\u00e9j\u00e0 un terrain communal\/ public<\/li>\n<li>Superficie permettant de multiplier les types de culture et les intervenants\u00a0: agriculteurs professionnels , habitants\u00a0: chacun aura une place<\/li>\n<li>Facilement joignable \u00e0 v\u00e9lo ou \u00e0 pied du centre ville<\/li>\n<\/ul>\n<ul>\n<li>Sant\u00e9 alimentaire\u00a0: l\u00e9gumes frais et bio<\/li>\n<li>Moindre cout de ces l\u00e9gumes \/leur qualit\u00e9<\/li>\n<li>LIEN SOCIAL\u00a0\u2013 LUTTE CONTRE LES EXCLUSIONS, renforcer les liens entre les habitants<\/li>\n<li>AGIR POUR LE CLIMAT ET LA PLANETE, produire et consommer local, \u00eatre garant de la biodiversit\u00e9, de la nature en ville \u2026<\/li>\n<\/ul>\n<p><u>Inconv\u00e9nients<\/u>\u00a0:<\/p>\n<ul>\n<li>La rocade\u00a0: pollution sonore et air , danger = butte \u00e0 am\u00e9nager\u00a0? v\u00e9g\u00e9tation coupe-vents et bruits\u00a0?<\/li>\n<li>relative coupure avec le centre ville<\/li>\n<\/ul>\n<p><u>Avec qui\u00a0?Qui cultive\u00a0?<\/u><\/p>\n<ul>\n<li>Les citoyens\u00a0de Bousbecque : enfants des \u00e9coles, alsh, adultes, familles, handicap\u00e9s, maison de retraite \u2026 = tout le monde , chacun selon ses moyens<\/li>\n<li>les citoyens volontaires d\u2019autres communes en France ou en Europe, ou citoyens accueillis des jumelages de la commune<\/li>\n<li>Des personnels municipaux d\u00e9di\u00e9s \u00e0 la bonne gestion du lien<\/li>\n<li>des personnels associatifs<\/li>\n<li>les agriculteurs qui cultivaient cette parcelle auparavant<\/li>\n<li>les maraichers int\u00e9ress\u00e9s par le projet<\/li>\n<\/ul>\n<p><strong><u>Combien \u00e7\u00e0 coute \u00a0? \u00a0Combien \/ comment \u00e7\u00e0 rapporte\u00a0? <\/u><\/strong><\/p>\n<p>LA GESTION DE CE LIEU PARTICIPATIF\u00a0:<\/p>\n<ul>\n<li>Un ou des agents communaux \u00ab\u00a0service espaces verts\u00a0\u00bb coordonnent la construction de ce lieu\u00a0avec les habitants\u00a0: besoins , souhaits des habitants \u2026<\/li>\n<\/ul>\n<p><strong>Une personne \u00e0 temps plein\u00a0co-ordonne<\/strong><strong>\u00a0les besoins\u00a0<\/strong>mat\u00e9riels, la <strong>gestion des plantations<\/strong>, les actions des citoyens( culture, r\u00e9coltes), assurent la coordination de la <strong>transmission p\u00e9dagogique et l\u2019<\/strong><strong>ouverture et la fermeture de ce bien public communal.<\/strong><\/p>\n<ul>\n<li><strong>Les citoyens<\/strong>cultivent, entretiennent, r\u00e9coltent.<\/li>\n<li>il faudrait g\u00e9rer cet espace en plein dialogue avec les agriculteurs y cultivant actuellement\u00a0: construire le projet avec les agriculteurs en les int\u00e9grant dans le projet\u00a0en fonction des buts de cet espace\u00a0.<\/li>\n<li>il faudrait \u00e9galement ouvrir ce projet aux mara\u00eechers cultivant actuellement \u00e0 Bousbecque<\/li>\n<li><strong>R\u00e9coltes partag\u00e9es en fonction du temps pass\u00e9 pour la vie du lieu par exemple\u00a0+ pourcentage d\u00e9di\u00e9 aux \u0153uvres sociales + surplus vendus\u00a0? \u00e0 \u00e9laborer \u2026 <\/strong><\/li>\n<li>Crit\u00e8res pour profiter de la r\u00e9colte\u00a0: les citoyens payent en temps de pr\u00e9sence\u00a0? crit\u00e8res sociaux\u00a0? \u2026 \u00e0 d\u00e9finir en commun \u2026 et \u00e0 adapter au fil du temps .<\/li>\n<li>Lieu cl\u00f4tur\u00e9\u00a0: attention aux vols, d\u00e9gradations, d\u00e9racinements = cl\u00f4ture de haies d\u2019\u00e9glantiers, prunelliers\u00a0par exemple \u2026<\/li>\n<li>le gain en achats de l\u00e9gumes pour la cantine ainsi que la participation compenserait les frais de personnel\u00a0: cet espace serait un investissement pour l\u2019avenir proche lorsque le lieu pourra fournir le restaurant municipal<\/li>\n<li>cet espace ne fait aucunement concurrence aux agriculteurs de la vall\u00e9e de la lysessentiellement tourn\u00e9s vers la fili\u00e8re laiti\u00e8re et c\u00e9r\u00e9ali\u00e8re<\/li>\n<li>cet espace repr\u00e9sente un investissement pour l\u2019avenir garantissant \u00e0 l\u2019ensemble de la commune une certaine autonomie alimentaire face aux changements climatiques qui entra\u00eeneront s\u00e9cheresse donc raret\u00e9 et hausse des prix des denr\u00e9es alimentaires<\/li>\n<li>La puissance publique peut mettre en r\u00e9gie directe\u00a0: r\u00e9mun\u00e9ration et gestion directe des carri\u00e8res des agents \u2013 fonctionnaires ou charg\u00e9s de mission<\/li>\n<\/ul>\n<p>PROBLEME\u00a0: politique d\u2019\u00e9conomies concernant les emplois publics\u00a0\u00e0 tous les \u00e9chelons et y compris \u00e0 Bousbecque \u2026<\/p>\n<p><strong>Ou<\/strong><\/p>\n<ul>\n<li><u>La puissance publique peut <strong>mettre \u00e0 disposition ou faire une convention d\u2019occupation\u00a0<\/strong>du terrain \u00e0 <strong>une association qui se charge d\u2019employer les agents\u00a0<\/strong>qui g\u00e8rent le lieu<\/u>.<\/li>\n<\/ul>\n<p>Pour cela il faut des adh\u00e9rents\u00a0ou des forces vives : les citoyens d\u00e9sirant profiter des r\u00e9coltes, d\u2019autres associations adh\u00e9rentes, ou bien encore vendre certains produits<\/p>\n<ul>\n<li>Il faut aussi des subventions publiques ( Europe, Etat, R\u00e9gion, D\u00e9partement, Communaut\u00e9 de communes ) et financements autres (ONG, dons, etc )\u00a0; voire organisme internationaux \/ changement climatique \u2026<\/li>\n<li>Voir s\u2019il existe des dispositions sp\u00e9cifiques dans le cadre de l\u2019\u00e9conomie sociale et solidaire.<\/li>\n<\/ul>\n<p>&#8211; \u00a0 Voir comment font les Planteurs Volontaires par exemple pour financer leurs 3 emplois.<\/p>\n<p>&#8211;\u00a0 Voir si possibilit\u00e9\u00a0 par rapport \u00e0\u00a0<strong>l\u2019appel \u00e0 projets permanent de la <u>MEL \u00ab Mets la transition dans ton quartier \u00bb<\/u><\/strong>lanc\u00e9 en 2016\u00a0: <strong>\u00ab\u00a0<\/strong><strong>L\u2019objectif : soutenir des initiatives de transition citoyenne d\u2019int\u00e9r\u00eat collectif. Elles devront r\u00e9pondre concr\u00e8tement aux enjeux de la transition \u00e9nerg\u00e9tique, \u00e9cologique et sociale et favoriser le passage \u00e0 l\u2019action des citoyens.<\/strong><\/p>\n<p>https:\/\/www.lillemetropole.fr\/actualites\/appel-projets-permanent-mets-la-transition-dans-ton-quartier?amp<\/p>\n<p><strong><u>Que peut-on y trouver\u00a0?<\/u><\/strong><\/p>\n<ul>\n<li><u>potagers<\/u>: potager communal fournissant la cantine scolaire, potager partag\u00e9 des habitants, carr\u00e9s ou cercles potagers individuels( cf friche St So \u2013 gare st sauveur Lille)\u00a0: esp\u00e8ces r\u00e9gionales cf CRRG<\/li>\n<li><u>verger commun et communal<\/u>: esp\u00e8ces r\u00e9gionales cf CRRG<\/li>\n<li><u>\u00ab\u00a0 micro- for\u00eat mill\u00e9naire\u00a0\u00bb \/ bois communal <\/u><\/li>\n<li><u>ruches d\u2019abeilles et miel<\/u><\/li>\n<li><u>toute la v\u00e9g\u00e9tation choisie en partenariat avec le CRRG( l\u00e9gumes, fruitiers \u2026)<\/u><\/li>\n<li>fleurs et herbes sauvages comestibles cf Conservatoire national botanique de Bailleul<\/li>\n<li>abris pour les animaux auxiliaires sauvages\u00a0: insectes, h\u00e9rissons , perchoirs \u00e0 rapaces \u2026<\/li>\n<li>composts<\/li>\n<li>toilettes s\u00e8ches<\/li>\n<li>r\u00e9servoirs d\u2019eau de pluie<\/li>\n<li>abris \u00e0 outils et mat\u00e9riels\u00a0; broyeurs pour Mulch<\/li>\n<li>basse-cour ( poules, canards, oies )\u00a0; 1 mouton ou brebis pour l\u2019entretien etc ?<\/li>\n<li>partenariats possibles avec centres \u00e9questres, \u00e2neries, \u00e9leveurs \u2026<\/li>\n<li>un espace mini prairie \u00ab\u00a0soleil-d\u00e9tente- \u00e9v\u00e9nements\u00a0\u00bb<\/li>\n<\/ul>\n<p><strong><u>Elaborer tous ensemble un plan et une esquisse color\u00e9e du projet \u2026<\/u><\/strong><\/p>\n<p>avec\u00a0:\u00a0arbres et l\u00e9gumes r\u00e9gionaux\u00a0 : haies, fruitiers \u2026\u00a0fleurs et herbes sauvages<\/p>\n<p><span style=\"color: #0000ff;\"><strong>Notons<\/strong> que cette vision de jardin partag\u00e9 peut se faire dans un autre endroit que derri\u00e8re le SDIS et aussi sur une surface diff\u00e9rente &#8211; <strong>1<\/strong>ha doit d\u00e9j\u00e0 suffire \u00e0 un tel projet ambitieux. <\/span><\/p>\n<p><span style=\"color: #0000ff;\">Info de derni\u00e8re minute : Le projet de ZAC voulu par le maire actuel de Bousbecque a \u00e9t\u00e9 refus\u00e9 au PLU.2 par la MEL. Les parcelles concern\u00e9es resterons en zone Agricole.\u00a0<\/span><\/p>\n","protected":false},"excerpt":{"rendered":"<p>D\u00e9cembre 2019 Projet pr\u00e9sent\u00e9 en Mairie le 25 novembre 2019 par\u00a0: L\u2019ACEB \u00a0l&rsquo;Association Citoyenne pour l&rsquo;Environnement \u00e0 Bousbecque \u00a0Pr\u00e9ambule\u00a0: Suite \u00e0 l&rsquo;abandon par les agriculteurs de leur projet de centre de m\u00e9thanisation situ\u00e9 derri\u00e8re la nouvelle caserne des pompiers (SDIS) et faute de pouvoir disposer du terrain en question (La nouvelle municipalit\u00e9 actuelle s&rsquo;y refusant) [&hellip;]<\/p>\n","protected":false},"author":3,"featured_media":0,"comment_status":"open","ping_status":"open","sticky":false,"template":"","format":"standard","meta":{"site-sidebar-layout":"default","site-content-layout":"","ast-site-content-layout":"default","site-content-style":"default","site-sidebar-style":"default","ast-global-header-display":"","ast-banner-title-visibility":"","ast-main-header-display":"","ast-hfb-above-header-display":"","ast-hfb-below-header-display":"","ast-hfb-mobile-header-display":"","site-post-title":"","ast-breadcrumbs-content":"","ast-featured-img":"","footer-sml-layout":"","theme-transparent-header-meta":"","adv-header-id-meta":"","stick-header-meta":"","header-above-stick-meta":"","header-main-stick-meta":"","header-below-stick-meta":"","astra-migrate-meta-layouts":"default","ast-page-background-enabled":"default","ast-page-background-meta":{"desktop":{"background-color":"var(--ast-global-color-4)","background-image":"","background-repeat":"repeat","background-position":"center center","background-size":"auto","background-attachment":"scroll","background-type":"","background-media":"","overlay-type":"","overlay-color":"","overlay-opacity":"","overlay-gradient":""},"tablet":{"background-color":"","background-image":"","background-repeat":"repeat","background-position":"center center","background-size":"auto","background-attachment":"scroll","background-type":"","background-media":"","overlay-type":"","overlay-color":"","overlay-opacity":"","overlay-gradient":""},"mobile":{"background-color":"","background-image":"","background-repeat":"repeat","background-position":"center center","background-size":"auto","background-attachment":"scroll","background-type":"","background-media":"","overlay-type":"","overlay-color":"","overlay-opacity":"","overlay-gradient":""}},"ast-content-background-meta":{"desktop":{"background-color":"var(--ast-global-color-5)","background-image":"","background-repeat":"repeat","background-position":"center center","background-size":"auto","background-attachment":"scroll","background-type":"","background-media":"","overlay-type":"","overlay-color":"","overlay-opacity":"","overlay-gradient":""},"tablet":{"background-color":"var(--ast-global-color-5)","background-image":"","background-repeat":"repeat","background-position":"center center","background-size":"auto","background-attachment":"scroll","background-type":"","background-media":"","overlay-type":"","overlay-color":"","overlay-opacity":"","overlay-gradient":""},"mobile":{"background-color":"var(--ast-global-color-5)","background-image":"","background-repeat":"repeat","background-position":"center center","background-size":"auto","background-attachment":"scroll","background-type":"","background-media":"","overlay-type":"","overlay-color":"","overlay-opacity":"","overlay-gradient":""}},"_jetpack_memberships_contains_paid_content":false,"footnotes":"","jetpack_publicize_message":"","jetpack_publicize_feature_enabled":true,"jetpack_social_post_already_shared":false,"jetpack_social_options":{"image_generator_settings":{"template":"highway","default_image_id":0,"font":"","enabled":false},"version":2}},"categories":[53],"tags":[],"class_list":["post-533","post","type-post","status-publish","format-standard","hentry","category-vie-de-la-commune"],"jetpack_publicize_connections":[],"jetpack_featured_media_url":"","jetpack_sharing_enabled":true,"_links":{"self":[{"href":"https:\/\/acebousbecque.fr\/index.php\/wp-json\/wp\/v2\/posts\/533","targetHints":{"allow":["GET"]}}],"collection":[{"href":"https:\/\/acebousbecque.fr\/index.php\/wp-json\/wp\/v2\/posts"}],"about":[{"href":"https:\/\/acebousbecque.fr\/index.php\/wp-json\/wp\/v2\/types\/post"}],"author":[{"embeddable":true,"href":"https:\/\/acebousbecque.fr\/index.php\/wp-json\/wp\/v2\/users\/3"}],"replies":[{"embeddable":true,"href":"https:\/\/acebousbecque.fr\/index.php\/wp-json\/wp\/v2\/comments?post=533"}],"version-history":[{"count":1,"href":"https:\/\/acebousbecque.fr\/index.php\/wp-json\/wp\/v2\/posts\/533\/revisions"}],"predecessor-version":[{"id":534,"href":"https:\/\/acebousbecque.fr\/index.php\/wp-json\/wp\/v2\/posts\/533\/revisions\/534"}],"wp:attachment":[{"href":"https:\/\/acebousbecque.fr\/index.php\/wp-json\/wp\/v2\/media?parent=533"}],"wp:term":[{"taxonomy":"category","embeddable":true,"href":"https:\/\/acebousbecque.fr\/index.php\/wp-json\/wp\/v2\/categories?post=533"},{"taxonomy":"post_tag","embeddable":true,"href":"https:\/\/acebousbecque.fr\/index.php\/wp-json\/wp\/v2\/tags?post=533"}],"curies":[{"name":"wp","href":"https:\/\/api.w.org\/{rel}","templated":true}]}}