{"id":538,"date":"2020-02-11T12:16:52","date_gmt":"2020-02-11T11:16:52","guid":{"rendered":"http:\/\/acebousbecque.fr\/?p=538"},"modified":"2025-01-02T01:07:40","modified_gmt":"2025-01-02T00:07:40","slug":"laceb-interpelle-les-candidats-aux-elections-municipales-bousbecquoises-de-mars-2020","status":"publish","type":"post","link":"https:\/\/acebousbecque.fr\/index.php\/2020\/02\/11\/laceb-interpelle-les-candidats-aux-elections-municipales-bousbecquoises-de-mars-2020\/","title":{"rendered":"L&rsquo;ACEB interpelle les candidats aux \u00e9lections municipales Bousbecquoises de mars 2020"},"content":{"rendered":"<p><span style=\"color: #3366ff;\"><b class=\"\">Pour information<\/b>, nous vous mettons copie de ce que nous envoyons aux t\u00eates de liste pour les\u00a0futures municipales de mars 2020 \u00e0 Bousbecque\u00a0(PDF joint) afin de les interpeller sur le c\u00f4t\u00e9 environnemental et \u00e9cologique de leur campagne et de leur future gestion de la commune \u00a0=&gt; \u00a012 points issus du Pacte pour la Transition.<\/span><\/p>\n<div class=\"\"><span style=\"color: #993300;\">Ce message s\u2019adresse aux t\u00eates de liste des \u00e9quipes en comp\u00e9tition pour les municipales Bousbecquoise de mars 2020.<\/span><\/div>\n<div class=\"\">Notre association environnementale ancr\u00e9e dans le tissu associatif Bousbecquois se dit fortement attach\u00e9e au respect de la nature, de la sant\u00e9 et du bien vivre des Bousbecquois. C\u2019est pourquoi,<b class=\"\">\u00a0aujourd\u2019hui, notre association, au travers de son conseil coll\u00e9gial, interpelle les candidats aux \u00e9lections municipales Bousbecquoise\u00a0<\/b><\/div>\n<div class=\"\"><\/div>\n<div class=\"\">Nous nous sommes donn\u00e9s pour mission de sensibiliser nos citoyens mais aussi nos \u00e9lus municipaux au respect de la nature et de son environnement.<\/div>\n<div class=\"\">Aujourd\u2019hui, \u00e0 la veille d\u2019une \u00e9lection importante pour l\u2019avenir de la commune, nous, citoyens de Bousbecque,\u00a0<b class=\"\">voulons savoir ce que notre bulletin de vote municipal contiendra en terme d\u2019\u00e9cologie et d&rsquo;environnement<\/b>. C\u2019est l\u00e0 tout l\u2019objet de notre communication vers votre liste.\u00a0<a href=\"https:\/\/acebousbecque.fr\/wp-content\/uploads\/2020\/02\/Nos-Propositions-Lint\u00e9grale.pdf\">Nos Propositions (L&rsquo;int\u00e9grale)<\/a><\/div>\n<div class=\"\"><span style=\"color: #993300;\">=&gt; Lire attentivement les pi\u00e8ces jointes envoy\u00e9es aux divers candidats &#8230;<\/span><\/div>\n<div class=\"\"><img loading=\"lazy\" decoding=\"async\" class=\"alignleft size-large wp-image-539\" src=\"https:\/\/acebousbecque.fr\/wp-content\/uploads\/2020\/02\/Nos-propositions-1-724x1024.jpg\" alt=\"Nos-propositions-1\" width=\"724\" height=\"1024\" srcset=\"https:\/\/acebousbecque.fr\/wp-content\/uploads\/2020\/02\/Nos-propositions-1-724x1024.jpg 724w, https:\/\/acebousbecque.fr\/wp-content\/uploads\/2020\/02\/Nos-propositions-1-212x300.jpg 212w, https:\/\/acebousbecque.fr\/wp-content\/uploads\/2020\/02\/Nos-propositions-1-768x1087.jpg 768w, https:\/\/acebousbecque.fr\/wp-content\/uploads\/2020\/02\/Nos-propositions-1-106x150.jpg 106w\" sizes=\"auto, (max-width: 724px) 100vw, 724px\" \/><img loading=\"lazy\" decoding=\"async\" class=\"alignleft size-large wp-image-540\" src=\"https:\/\/acebousbecque.fr\/wp-content\/uploads\/2020\/02\/Nos-propositions-2-724x1024.jpg\" alt=\"Proposition PACT 3 pages copie.pages\" width=\"724\" height=\"1024\" srcset=\"https:\/\/acebousbecque.fr\/wp-content\/uploads\/2020\/02\/Nos-propositions-2-724x1024.jpg 724w, https:\/\/acebousbecque.fr\/wp-content\/uploads\/2020\/02\/Nos-propositions-2-212x300.jpg 212w, https:\/\/acebousbecque.fr\/wp-content\/uploads\/2020\/02\/Nos-propositions-2-768x1087.jpg 768w, https:\/\/acebousbecque.fr\/wp-content\/uploads\/2020\/02\/Nos-propositions-2-106x150.jpg 106w\" sizes=\"auto, (max-width: 724px) 100vw, 724px\" \/><img loading=\"lazy\" decoding=\"async\" class=\"alignleft size-large wp-image-541\" src=\"https:\/\/acebousbecque.fr\/wp-content\/uploads\/2020\/02\/Nos-propositions-3-724x1024.jpg\" alt=\"Proposition PACT 3 pages copie.pages\" width=\"724\" height=\"1024\" srcset=\"https:\/\/acebousbecque.fr\/wp-content\/uploads\/2020\/02\/Nos-propositions-3-724x1024.jpg 724w, https:\/\/acebousbecque.fr\/wp-content\/uploads\/2020\/02\/Nos-propositions-3-212x300.jpg 212w, https:\/\/acebousbecque.fr\/wp-content\/uploads\/2020\/02\/Nos-propositions-3-768x1087.jpg 768w, https:\/\/acebousbecque.fr\/wp-content\/uploads\/2020\/02\/Nos-propositions-3-106x150.jpg 106w\" sizes=\"auto, (max-width: 724px) 100vw, 724px\" \/><\/div>\n<div class=\"\"><span style=\"color: #993300;\">=&gt; Lire\u00a0<\/span><\/div>\n","protected":false},"excerpt":{"rendered":"<p>Pour information, nous vous mettons copie de ce que nous envoyons aux t\u00eates de liste pour les\u00a0futures municipales de mars 2020 \u00e0 Bousbecque\u00a0(PDF joint) afin de les interpeller sur le c\u00f4t\u00e9 environnemental et \u00e9cologique de leur campagne et de leur future gestion de la commune \u00a0=&gt; \u00a012 points issus du Pacte pour la Transition. Ce [&hellip;]<\/p>\n","protected":false},"author":3,"featured_media":0,"comment_status":"open","ping_status":"open","sticky":false,"template":"","format":"standard","meta":{"site-sidebar-layout":"default","site-content-layout":"","ast-site-content-layout":"default","site-content-style":"default","site-sidebar-style":"default","ast-global-header-display":"","ast-banner-title-visibility":"","ast-main-header-display":"","ast-hfb-above-header-display":"","ast-hfb-below-header-display":"","ast-hfb-mobile-header-display":"","site-post-title":"","ast-breadcrumbs-content":"","ast-featured-img":"","footer-sml-layout":"","theme-transparent-header-meta":"","adv-header-id-meta":"","stick-header-meta":"","header-above-stick-meta":"","header-main-stick-meta":"","header-below-stick-meta":"","astra-migrate-meta-layouts":"default","ast-page-background-enabled":"default","ast-page-background-meta":{"desktop":{"background-color":"var(--ast-global-color-4)","background-image":"","background-repeat":"repeat","background-position":"center center","background-size":"auto","background-attachment":"scroll","background-type":"","background-media":"","overlay-type":"","overlay-color":"","overlay-opacity":"","overlay-gradient":""},"tablet":{"background-color":"","background-image":"","background-repeat":"repeat","background-position":"center center","background-size":"auto","background-attachment":"scroll","background-type":"","background-media":"","overlay-type":"","overlay-color":"","overlay-opacity":"","overlay-gradient":""},"mobile":{"background-color":"","background-image":"","background-repeat":"repeat","background-position":"center center","background-size":"auto","background-attachment":"scroll","background-type":"","background-media":"","overlay-type":"","overlay-color":"","overlay-opacity":"","overlay-gradient":""}},"ast-content-background-meta":{"desktop":{"background-color":"var(--ast-global-color-5)","background-image":"","background-repeat":"repeat","background-position":"center center","background-size":"auto","background-attachment":"scroll","background-type":"","background-media":"","overlay-type":"","overlay-color":"","overlay-opacity":"","overlay-gradient":""},"tablet":{"background-color":"var(--ast-global-color-5)","background-image":"","background-repeat":"repeat","background-position":"center center","background-size":"auto","background-attachment":"scroll","background-type":"","background-media":"","overlay-type":"","overlay-color":"","overlay-opacity":"","overlay-gradient":""},"mobile":{"background-color":"var(--ast-global-color-5)","background-image":"","background-repeat":"repeat","background-position":"center center","background-size":"auto","background-attachment":"scroll","background-type":"","background-media":"","overlay-type":"","overlay-color":"","overlay-opacity":"","overlay-gradient":""}},"_jetpack_memberships_contains_paid_content":false,"footnotes":"","jetpack_publicize_message":"","jetpack_publicize_feature_enabled":true,"jetpack_social_post_already_shared":false,"jetpack_social_options":{"image_generator_settings":{"template":"highway","default_image_id":0,"font":"","enabled":false},"version":2}},"categories":[58],"tags":[],"class_list":["post-538","post","type-post","status-publish","format-standard","hentry","category-elections-municipales"],"jetpack_publicize_connections":[],"jetpack_featured_media_url":"","jetpack_sharing_enabled":true,"_links":{"self":[{"href":"https:\/\/acebousbecque.fr\/index.php\/wp-json\/wp\/v2\/posts\/538","targetHints":{"allow":["GET"]}}],"collection":[{"href":"https:\/\/acebousbecque.fr\/index.php\/wp-json\/wp\/v2\/posts"}],"about":[{"href":"https:\/\/acebousbecque.fr\/index.php\/wp-json\/wp\/v2\/types\/post"}],"author":[{"embeddable":true,"href":"https:\/\/acebousbecque.fr\/index.php\/wp-json\/wp\/v2\/users\/3"}],"replies":[{"embeddable":true,"href":"https:\/\/acebousbecque.fr\/index.php\/wp-json\/wp\/v2\/comments?post=538"}],"version-history":[{"count":1,"href":"https:\/\/acebousbecque.fr\/index.php\/wp-json\/wp\/v2\/posts\/538\/revisions"}],"predecessor-version":[{"id":543,"href":"https:\/\/acebousbecque.fr\/index.php\/wp-json\/wp\/v2\/posts\/538\/revisions\/543"}],"wp:attachment":[{"href":"https:\/\/acebousbecque.fr\/index.php\/wp-json\/wp\/v2\/media?parent=538"}],"wp:term":[{"taxonomy":"category","embeddable":true,"href":"https:\/\/acebousbecque.fr\/index.php\/wp-json\/wp\/v2\/categories?post=538"},{"taxonomy":"post_tag","embeddable":true,"href":"https:\/\/acebousbecque.fr\/index.php\/wp-json\/wp\/v2\/tags?post=538"}],"curies":[{"name":"wp","href":"https:\/\/api.w.org\/{rel}","templated":true}]}}