{"id":545,"date":"2020-03-11T11:14:03","date_gmt":"2020-03-11T10:14:03","guid":{"rendered":"http:\/\/acebousbecque.fr\/?p=545"},"modified":"2025-01-02T01:07:40","modified_gmt":"2025-01-02T00:07:40","slug":"municipales-bousbecquoises-2020-reponse-a-nos-12-propositions","status":"publish","type":"post","link":"https:\/\/acebousbecque.fr\/index.php\/2020\/03\/11\/municipales-bousbecquoises-2020-reponse-a-nos-12-propositions\/","title":{"rendered":"Municipales Bousbecquoises 2020 &#8211; R\u00e9ponse \u00e0 nos 12 propositions"},"content":{"rendered":"<p><strong>Vous trouverez ici<\/strong> les r\u00e9ponses \u00e0 nos 12 propositions de la part des 2 listes en comp\u00e9tition.<\/p>\n<p><strong>A commencer<\/strong> par les r\u00e9ponses de la liste ABCD du Maire sortant Mr LEFEBVRE et <strong>\u00e0 suivre<\/strong> \u00e0 la suite les r\u00e9ponses de la liste de Mr DHALLUIN \u00ab\u00a0Ensemble pour Bousbecque\u00a0\u00bb. Notons que cette derni\u00e8re liste\u00a0r\u00e9pond au souhait\u00a0de l&rsquo;ACEB de voir \u00e0 Bousbecque la cr\u00e9ation d&rsquo;un poste d&rsquo;adjoint \u00e0 l&rsquo;environnement en ces termes\u00a0: \u00a0\u00bb <span style=\"color: #008000;\">Nous envisageons la cr\u00e9ation d&rsquo;un poste d&rsquo;adjoint \u00e0 l&rsquo;environnement<\/span>.\u00a0\u00bb \u00a0 &#8211; \u00a0R\u00e9ellement un plus pour notre association et notre commune de Bousbecque !<\/p>\n<p>__________________________________________________________________________<\/p>\n<p><strong><span style=\"color: #993300;\">R\u00c9PONSE de l&rsquo;\u00e9quipe <span style=\"color: #000000;\">ABCD<\/span> \u00ab\u00a0<\/span><span style=\"color: #000000;\">Avec Bousbecque Construisons Demain<\/span><span style=\"color: #993300;\">\u00a0\u00bb aux 12 points propos\u00e9s par notre\u00a0association environnementale.<\/span><\/strong><\/p>\n<p>Mesdames, Messieurs &#8211;\u00a0Vous trouverez ci-dessous les \u00e9l\u00e9ments de r\u00e9ponses aux questions que vous nous avez\u00a0soumises. Ces r\u00e9ponses sont \u00e9tablies sur les actions que nous menons depuis d\u00e9cembre\u00a02018, les projets en cours et nos propositions pour le prochain mandat.<\/p>\n<p><span style=\"color: #000080;\">1 &#8211; Se doter d\u2019une politique ambitieuse d\u2019achats publics responsables (incluant des\u00a0dispositions sociales, environnementales et locales).<\/span><\/p>\n<p><span style=\"color: #3366ff;\"><span style=\"color: #993300;\">R\u00e9ponse<\/span> : <\/span>En fonction de la nature des march\u00e9s.<\/p>\n<p><span style=\"color: #000080;\">2 &#8211; Mener une politique de sobri\u00e9t\u00e9, d&rsquo;efficacit\u00e9 \u00e9nerg\u00e9tique et d&rsquo;alimentation \u00e0 100%\u00a0en \u00e9nergie renouvelable et locale des b\u00e2timents, v\u00e9hicules communaux et \u00e9clairage\u00a0public.<\/span><\/p>\n<p><span style=\"color: #3366ff;\"><span style=\"color: #993300;\">R\u00e9ponse<\/span> : <\/span>La municipalit\u00e9 a, depuis d\u00e9cembre 2018, oeuvr\u00e9 sur l\u2019efficacit\u00e9 \u00e9nerg\u00e9tique.\u00a0Nous avons, avec l\u2019aide d\u2019un conseiller en \u00e9nergie partag\u00e9, \u00e9tabli le bilan de la commune.\u00a0Nous avons d\u00e9gag\u00e9 de son rapport plusieurs priorit\u00e9s pour am\u00e9liorer l\u2019efficacit\u00e9 \u00e9nerg\u00e9tique\u00a0de la commune. Les actions d\u00e9j\u00e0 en cours et qui se poursuivront durant le prochain mandat\u00a0sont :\u00a0&#8211; Le plan chaufferie (14 installations).\u00a0&#8211; Le plan \u00e9clairage (passage progressif aux technologies LED).\u00a0&#8211; Etude et installation de syst\u00e8me de r\u00e9cup\u00e9ration d\u2019eau (arrosage et entretien de\u00a0v\u00e9hicules municipaux). (Courant 2021).\u00a0&#8211; Etude du potentiel de production d\u2019\u00e9lectricit\u00e9 photovolta\u00efque en autoconsommation\u00a0des b\u00e2timents communaux.\u00a0&#8211; Projet de r\u00e9novation et d\u2019am\u00e9lioration thermique de la fa\u00e7ade avant de l\u2019H\u00f4tel de ville\u00a0(r\u00e9alisation pr\u00e9vue en 2022).<\/p>\n<p><span style=\"color: #000080;\">3 &#8211; Appuyer la structuration de fili\u00e8res paysannes, bio et locales, r\u00e9mun\u00e9ratrices pour\u00a0les agriculteurs et agricultrices<\/span><\/p>\n<p><span style=\"color: #993300;\">R\u00e9ponse<\/span><span style=\"color: #3366ff;\"> : <\/span>Notre vision globale de Bousbecque est en faveur d\u2019une politique locale. Il pr\u00e9voit d\u2019\u00e9tudier\u00a0avec nos agriculteurs et producteurs l&rsquo;int\u00e9r\u00eat de d\u00e9velopper une offre directe \u00ab\u00a0producteur &#8211;\u00a0consommateur\u00a0\u00bb pour maintenir et d\u00e9velopper une agriculture de proximit\u00e9.\u00a0Le projet du site du Ch\u00e2teau int\u00e8gre la r\u00e9flexion sur la construction d\u2019un \u00ab tiers lieu \u00bb\u00a0permettant d\u2019accueillir diverses activit\u00e9s tel que la vente directe de producteur favorisant\u00a0l\u2019\u00e9conomie local de la fili\u00e8re agricole<\/p>\n<p><span style=\"color: #000080;\">4 &#8211; Pr\u00e9server et mobiliser le foncier agricole.<\/span><\/p>\n<p><span style=\"color: #993300;\">R\u00e9ponse<\/span> <span style=\"color: #3366ff;\">: <\/span>La ruralit\u00e9 de notre territoire reste au coeur de nos pr\u00e9occupations. Dans le cadre de nos\u00a0actions nous avons \u00e9t\u00e9 vigilant \u00e0 l\u2019\u00e9quilibre entre am\u00e9nagement et espace rural pour\u00a0Bousbecque. Comme vous l\u2019avez constat\u00e9, nous avons pris soin de porter un projet sur les\u00a0friches industrielles pour pr\u00e9server les terres agricoles mais aussi de proposer un projet\u00a0\u00e9quilibr\u00e9 qui comprend un espace vert naturel d\u2019une surface de 1,5 hectares.<\/p>\n<p><span style=\"color: #000080;\">5 &#8211; Proposer une alimentation biologique, moins carn\u00e9e, locale et \u00e9quitable dans la\u00a0restauration collective municipale.<\/span><\/p>\n<p><span style=\"color: #993300;\">R\u00e9ponse<\/span> <span style=\"color: #3366ff;\">: <\/span>Les crit\u00e8res d\u2019attribution des march\u00e9s int\u00e8grent d\u2019ores et d\u00e9j\u00e0 une proportion de Bio et\u00a0d\u2019achat local. A souligner qu\u2019une journ\u00e9e par semaine, il y a un menu v\u00e9g\u00e9tarien. Par\u00a0ailleurs, comme vous le constaterez dans notre programme, nous renforcerons et\u00a0am\u00e9liorerons les propositions d\u2019alimentation au travers des commissions d\u00e9di\u00e9es \u00e0 ce sujet.<\/p>\n<p><span style=\"color: #000080;\">6 &#8211; Pr\u00e9server et d\u00e9velopper les trames vertes (couvert v\u00e9g\u00e9tal), bleues (cycles de\u00a0l&rsquo;eau) et noires (\u00e9clairage) pour redonner sa place au vivant sur le territoire.<\/span><\/p>\n<p><span style=\"color: #993300;\">R\u00e9ponse<\/span> <span style=\"color: #3366ff;\">: <\/span>Notre projet pr\u00e9voit de porter nos actions sur :\u00a0&#8211; L\u2019embellissement de notre cadre de vie par des am\u00e9nagements paysagers et fleuris\u00a0&#8211; L\u2019accentuation des contacts notamment transfrontaliers pour le traitement et la mise\u00a0en valeur \u00ab l\u2019ilot belge \u00bb\u00a0&#8211; La mise en valeur des bords de Lys dans le cadre du projet \u00ab Leievallei \u2013 Parc de la\u00a0Lys \u00bb\u00a0&#8211; Le projet du site du ch\u00e2teau comprend la cr\u00e9ation d\u2019un espace naturel d\u2019une surface\u00a0de 1,5 hectares v\u00e9ritable lien entre la trame verte et bleue et la ville.<\/p>\n<p><span style=\"color: #000080;\">7 &#8211; Refuser tout projet et\/ou infrastructure qui augmenterait les \u00e9missions de gaz \u00e0\u00a0effet de serre et\/ou ferait reculer la biodiversit\u00e9.<\/span><\/p>\n<p><span style=\"color: #993300;\">R\u00e9ponse<\/span><span style=\"color: #3366ff;\"> : <\/span>Nous avons \u00e9t\u00e9 et seront vigilants \u00e0 la qualit\u00e9 des projets sur notre commune. Il convient\u00a0dans le cadre de projets priv\u00e9s de respecter scrupuleusement les r\u00e8gles d\u2019urbanisme qui\u00a0s\u2019appliquent. Au titre des projets port\u00e9s par la municipalit\u00e9, vous aurez constat\u00e9 que nous\u00a0apportons un soin particulier \u00e0 la qualit\u00e9 d\u2019int\u00e9gration, \u00e0 la performance \u00e9nerg\u00e9tique et \u00e0\u00a0l\u2019examen du potentiel li\u00e9 au renouvelable. D\u2019autre part, nous souhaitons pr\u00e9server l\u2019\u00e9quilibre\u00a0entre ruralit\u00e9, cadre de vie et le b\u00e2ti existant.\u00a0Nous avons \u00e9galement \u00e9t\u00e9 \u00e0 l\u2019initiative de l\u2019inscription de l\u2019\u00ab ARC VALLEE DE LA LYS \u00bb\u00a0dans le projet de Sch\u00e9ma Directeur des Infrastructures de Transports (SDIT) de la M\u00e9tropole\u00a0Europ\u00e9enne de Lille \u00e0 l\u2019horizon 2035.<\/p>\n<p><span style=\"color: #000080;\">8 &#8211; Donner la priorit\u00e9 aux mobilit\u00e9s douces et actives (marche, v\u00e9lo) dans l\u2019espace\u00a0public.<\/span><\/p>\n<p><span style=\"color: #993300;\">R\u00e9ponse <\/span><span style=\"color: #3366ff;\">: <\/span>Les projets en cours et futurs int\u00e8grent cette notion de mobilit\u00e9 :\u00a0&#8211; La passerelle de la Lys arrivera en 2021\u00a0&#8211; Le projet du Ch\u00e2teau int\u00e8gre un acc\u00e8s pi\u00e9tonnier menant de la rue de Wervicq aux\u00a0bords de Lys\u00a0&#8211; L\u2019am\u00e9nagement du parc de la Mairie facilitera l\u2019acc\u00e8s aux personnes \u00e0 mobilit\u00e9\u00a0r\u00e9duite\u00a0&#8211; La valorisation et le maintien en bon \u00e9tat les sentiers et chemins de randonn\u00e9es et de\u00a0promenades rurales<\/p>\n<p><span style=\"color: #000080;\">9 &#8211; Penser un espace public non discriminant en facilitant le d\u00e9placement de\u00a0personnes avec des poussettes pour enfants et les fauteuils roulants. Diminuer le\u00a0nombre et la vitesse des v\u00e9hicules motoris\u00e9s, source de danger et d\u2019ins\u00e9curit\u00e9 !<\/span><\/p>\n<p><span style=\"color: #993300;\">R\u00e9ponse<\/span><span style=\"color: #3366ff;\"> : <\/span>Les programmes en cours et sur le moyen terme concerne les rues de Wervicq, L\u00e9on Six et\u00a0de Linselles. Il nous faut mener \u00e0 bien ces projets.\u00a0Nos actions entreprises s\u2019attachent \u00e0 s\u00e9curiser l\u2019espace public par :\u00a0&#8211; L\u2019am\u00e9nagement de la voirie avec la cr\u00e9ation de plateaux mettant en \u00e9vidence les\u00a0intersections, les passages pi\u00e9tons\u2026\u00a0&#8211; La limitation de la vitesse en instaurant une Zone \u00e0 30 Km\/h pour l\u2019ensemble du coeur\u00a0de ville avec r\u00e9tablissement du r\u00e9gime de la priorit\u00e9 de droite.\u00a0&#8211; La mise en conformit\u00e9 progressive des arr\u00eats de transport en commun pour am\u00e9liorer\u00a0l\u2019accessibilit\u00e9 des personnes \u00e0 mobilit\u00e9 r\u00e9duite.\u00a0&#8211; L\u2019installation de radars p\u00e9dagogiques\u2026<\/p>\n<p><span style=\"color: #000080;\">10 &#8211; Mettre en place et renforcer les dispositifs de participation, d\u2019initiative citoyenne,\u00a0de co-construction de la commune.<\/span><\/p>\n<p><span style=\"color: #993300;\">R\u00e9ponse<\/span><span style=\"color: #3366ff;\"> : <\/span>Nous avons instaur\u00e9 d\u00e8s notre arriv\u00e9e en 2018 les ateliers citoyens et d\u2019urbanisme ou\u00a0chaque Bousbecquois peut \u00eatre acteur. Ces ateliers ont eu pour objectif d\u2019informer, de\u00a0partager et d\u2019associer les Bousbecquois dans nos projets. Chaque Bousbecquois pr\u00e9sent \u00e0\u00a0ces ateliers a eu l\u2019occasion de proposer et de participer \u00e0 l\u2019\u00e9laboration des projets.\u00a0D\u2019autre part des commissions municipales ont \u00e9t\u00e9 instaur\u00e9es auxquelles ont particip\u00e9 les\u00a0repr\u00e9sentants des groupes Agir ensemble pour Bousbecque et Ensemble pour Bousbecque.\u00a0Notre motivation et objectif sont d\u2019int\u00e9grer la demande sociale en amont de nos projets.<\/p>\n<p><span style=\"color: #000080;\">11 &#8211; Cr\u00e9er une commission extra-municipale du temps long pour repr\u00e9senter les\u00a0int\u00e9r\u00eats de la nature et des g\u00e9n\u00e9rations futures, et s&rsquo;assurer de l&rsquo;ad\u00e9quation des\u00a0projets de la commune avec les enjeux \u00e9cologiques, sociaux, climatiques.<\/span><\/p>\n<p><span style=\"color: #993300;\">R\u00e9ponse<\/span><span style=\"color: #3366ff;\"> : <\/span>Comme nous vous l\u2019avons \u00e9voqu\u00e9, nous sommes sensibles aux actions de l\u2019ACEB. Nous\u00a0confirmons notre volont\u00e9 de vous associer \u00e0 notre d\u00e9marche et sommes \u00e0 votre \u00e9coute. Sur\u00a0ce sujet, nous vous proposons d\u2019\u00e9tudier et de travailler conjointement sur les dossiers que\u00a0vous pourriez nous soumettre.\u00a0Bien entendu, les int\u00e9r\u00eats de la nature et des g\u00e9n\u00e9rations futures sont digne d\u2019effort et\u00a0d\u2019int\u00e9r\u00eat et toute contribution positive pour atteindre cet objectif sera la bienvenue.<\/p>\n<p><span style=\"color: #000080;\">12 &#8211; Mettre \u00e0 disposition des initiatives associatives et citoyennes du territoire, des\u00a0espaces et ressources pour favoriser leur collaboration et favoriser le lien social.\u00a0<\/span><\/p>\n<p><span style=\"color: #993300;\">R\u00e9ponse<\/span> <span style=\"color: #3366ff;\">: <\/span>Nous optimisons depuis notre arriv\u00e9e en d\u00e9cembre 2018, la mise \u00e0 disposition d\u2019espace\u00a0pour favoriser le lien social que se soit pour les associations sportives, culturelles et\u00a0caritatives.\u00a0De plus, nous avons le souci de pr\u00e9server les lieux publics, espace de rencontre et de\u00a0d\u00e9tente (espaces verts). Ils constituent de v\u00e9ritables espaces de communication. Ils sont des\u00a0lieux de vie et de sociabilisation ouverts aux projets collectifs.\u00a0Nous avons pour projet d\u2019int\u00e9grer sur le site du Ch\u00e2teau, annex\u00e9 au centre culturel Paul\u00a0Val\u00e9ry, une salle polyvalente permettant d\u2019accueillir des \u00e9v\u00e9nements au profit des\u00a0Bousbecquois et un espace de co-working favorisant le travail de proximit\u00e9 afin de limiter les\u00a0d\u00e9placements.\u00a0D\u2019autre part, les adjoints et conseillers municipaux charg\u00e9s des composantes qui contribuent\u00a0\u00e0 l\u2019am\u00e9lioration de l\u2019environnement et du cadre de vie : agriculture, am\u00e9nagement, travaux,\u00a0vie scolaire et sociale, instances participatives et d\u00e9veloppement durable, seront \u00e0 votre\u00a0\u00e9coute pour faire de Bousbecque une commune r\u00e9solument tourn\u00e9e vers l\u2019avenir.\u00a0C\u2019est ensemble que nous agirons afin que l\u2019environnement et le cadre de vie soit une priorit\u00e9\u00a0pour chacun d\u2019entre nous.<\/p>\n<p>_____________________________________________________________________________<\/p>\n<p>&nbsp;<\/p>\n<p><strong><span style=\"color: #993300;\">R\u00c9PONSE de l&rsquo;\u00e9quipe\u00a0\u00ab\u00a0<span style=\"color: #000000;\">Ensemble pour Bousbecque<\/span>\u00a0\u00bb aux 12 points propos\u00e9s par notre\u00a0association environnementale.<\/span><\/strong><\/p>\n<ul>\n<li><span style=\"color: #008000;\">1) &#8211; Se doter d\u2019une politique ambitieuse d\u2019achats publics responsables (incluant des dispositions sociales, environnementales et locales).\u00a0<\/span><\/li>\n<\/ul>\n<p><span style=\"color: #993300;\">R\u00e9ponse<\/span> <span style=\"color: #3366ff;\">:\u00a0<\/span>La prise en compte de l\u2019aspect l\u00e9gal des appels d\u2019offres rend difficile l\u2019application de cette mesure dans un premier temps. Il est cependant indispensable \u00e0 nos yeux de faire \u00e9voluer les pratiques d\u2019achat au sein de notre mairie, notamment par la formation de nos agents et la sensibilisation de tous. Il est \u00e9galement envisag\u00e9 de contacter les mairies des communes alentour, elles aussi tr\u00e8s sensibilis\u00e9es \u00e0 l\u2019environnement, afin de mutualiser les co\u00fbts sur certains postes, comme cela a d\u00e9j\u00e0 \u00e9t\u00e9 mis en place pour les achats alimentaires.<\/p>\n<ul>\n<li><span style=\"color: #008000;\">2) &#8211; Mener une politique de sobri\u00e9t\u00e9, d&rsquo;efficacit\u00e9 \u00e9nerg\u00e9tique et d&rsquo;alimentation \u00e0 100% en \u00e9nergies renouvelables et locales des b\u00e2timents, v\u00e9hicules communaux et \u00e9clairage public.\u00a0<\/span><\/li>\n<\/ul>\n<p><span style=\"color: #993300;\">R\u00e9ponse<\/span> <span style=\"color: #3366ff;\">:\u00a0<\/span>Avant d\u2019orienter l\u2019\u00e9lectricit\u00e9 des b\u00e2timents communaux vers des \u00e9nergies renouvelables, nous pensons mener une chasse aux gaspillages \u00e9nerg\u00e9tiques via diff\u00e9rentes mesures\u00a0: suppression de l\u2019\u00e9clairage public une partie de la nuit, rationalisation des consommations de chauffage, travaux de mise aux normes des thermostats dans les b\u00e2timents.\u00a0Par ailleurs, il nous para\u00eet indispensable d\u2019\u00e9quiper les nouvelles constructions de panneaux solaires (au niveau, par exemple, de la friche du ch\u00e2teau), ainsi que certains b\u00e2timents existants.\u00a0Nous pr\u00e9voyons \u00e9galement d\u2019installer des citernes de r\u00e9cup\u00e9ration d\u2019eau de pluie.\u00a0Nous r\u00e9fl\u00e9chissons enfin au parc automobile qui sera \u00e0 remplacer et envisageons d\u2019\u00e9quiper les v\u00e9hicules de la mairie en gaz ou en biocarburant.<\/p>\n<ul>\n<li><span style=\"color: #008000;\">3) &#8211; Appuyer la structuration de fili\u00e8res paysannes, bio et locales, r\u00e9mun\u00e9ratrices pour les agriculteurs et agricultrices.\u00a0<\/span><\/li>\n<\/ul>\n<p><span style=\"color: #993300;\">R\u00e9ponse<\/span> <span style=\"color: #3366ff;\">:\u00a0<\/span>Nous avons la chance de vivre \u00e0 la campagne et avons acc\u00e8s \u00e0 des producteurs et des agriculteurs que nous voulons soutenir. Nous souhaitons d\u00e9velopper un march\u00e9 annuel des producteurs\u00a0 locaux.\u00a0 La consommation locale et de saison est l\u2019une des cl\u00e9s qui permettront de r\u00e9duire notre impact carbone.\u00a0Nous encouragerons le d\u00e9veloppement et l\u2019utilisation des AMAP.<\/p>\n<ul>\n<li><span style=\"color: #008000;\">4) &#8211; Pr\u00e9server et mobiliser le foncier agricole.<\/span><\/li>\n<\/ul>\n<p><span style=\"color: #993300;\">R\u00e9ponse<\/span> <span style=\"color: #3366ff;\">:\u00a0<\/span>Les terres agricoles le resteront, les \u00ab\u00a0dents creuses\u00a0\u00bb seront r\u00e9habilit\u00e9es en logements afin de ne pas empi\u00e9ter sur les zones non constructibles, ce qui favorisera la mixit\u00e9 sociale.\u00a0Nous pr\u00e9voyons des jardins partag\u00e9s en centre-ville ou en p\u00e9riph\u00e9rie (quelques terrains ont d\u00e9j\u00e0 \u00e9t\u00e9 identifi\u00e9s), pour les particuliers, mais \u00e9galement pour les \u00e9coles ou l\u2019ALSH, dans le cadre d\u2019ateliers \u00e9ducatifs et \u00ab\u00a0d\u00e9couverte\u00a0\u00bb.\u00a0L\u2019id\u00e9e est ici de faire appel \u00e0 des stagiaires de Genech pour monter ce projet de \u00ab\u00a0jardins partag\u00e9s\u00a0\u00bb.\u00a0Sur la dur\u00e9e du mandat, nous r\u00e9fl\u00e9chirons \u00e0 la mise en place d\u2019un potager communal afin de fournir notre cantine en l\u00e9gumes bio, locaux et de saison.<\/p>\n<ul>\n<li><span style=\"color: #008000;\">5) &#8211; Proposer une alimentation biologique, moins carn\u00e9e, locale et \u00e9quitable dans la restauration collective municipale.<\/span><\/li>\n<\/ul>\n<p><span style=\"color: #993300;\">R\u00e9ponse<\/span> <span style=\"color: #3366ff;\">:\u00a0<\/span>Repenser les menus et le fonctionnement de notre cantine est une priorit\u00e9, incluant la chasse au gaspi et la sensibilisation de tous (enfants, parents, enseignants, personnel communal) quant \u00e0 l\u2019importance de la qualit\u00e9 du contenu de nos assiettes. Manger moins mais mieux est devenu un enjeu de sant\u00e9 publique.<\/p>\n<p>&nbsp;<\/p>\n<ul>\n<li><span style=\"color: #008000;\">6) &#8211; Pr\u00e9server et d\u00e9velopper les trames vertes (couvert v\u00e9g\u00e9tal), bleues (cycles de l&rsquo;eau) et noires (\u00e9clairage) pour redonner sa place au vivant sur le territoire.\u00a0<\/span><\/li>\n<\/ul>\n<p><span style=\"color: #993300;\">R\u00e9ponse<\/span> <span style=\"color: #3366ff;\">:\u00a0<\/span>Notre programme d\u00e9taille d\u00e9j\u00e0 notre intention de refleurir la ville, de planter un arbre pour chaque naissance et de fleurir la cl\u00f4ture du complexe L\u00e9on Dalle.\u00a0L\u2019actuel square des anciens combattants sera repens\u00e9 en espace de d\u00e9tente, de convivialit\u00e9, de rencontres et d\u2019animations. Nous y int\u00e9grerons un volet paysag\u00e9.<\/p>\n<ul>\n<li><span style=\"color: #008000;\">7) &#8211; Refuser tout projet et\/ou infrastructure qui augmenterait les \u00e9missions de gaz \u00e0 effet de serre et\/ou ferait reculer la biodiversit\u00e9.\u00a0<\/span><\/li>\n<\/ul>\n<p><span style=\"color: #993300;\">R\u00e9ponse<\/span> <span style=\"color: #3366ff;\">:\u00a0<\/span>Le projet de la friche du ch\u00e2teau nous semble encore \u00e0 am\u00e9liorer, de mani\u00e8re \u00e0 favoriser les \u00e9coconstructions, l\u2019installation de panneaux solaires et de cuves de r\u00e9cup\u00e9ration des eaux de pluie.\u00a0Pour les projets futurs, nous \u00e9tudierons les possibilit\u00e9s de travailler sur le foncier existant, sans pour autant densifier le centre-ville.<\/p>\n<ul>\n<li><span style=\"color: #008000;\">8) &#8211; Donner la priorit\u00e9 aux mobilit\u00e9s douces et actives (marche, v\u00e9lo) dans l\u2019espace public.\u00a0<\/span><\/li>\n<\/ul>\n<p><span style=\"color: #993300;\">R\u00e9ponse<\/span> <span style=\"color: #3366ff;\">:\u00a0<\/span>La pr\u00e9sence de places de parking est un sujet de pr\u00e9occupation grandissant pour les Bousbecquois. Nous n\u2019avons pourtant pas l\u2019intention d\u2019en cr\u00e9er de nouvelles, mais plut\u00f4t de promouvoir les d\u00e9placements doux au sein de la commune, en particulier lors des manifestations drainant un public important. Le v\u00e9lo, la marche, la trottinette\u2026 autant de solutions faciles, bonnes pour la sant\u00e9 (lutte contre la s\u00e9dentarit\u00e9) comme pour l\u2019environnement !\u00a0Nous pr\u00e9voyons donc l\u2019installation de garages \u00e0 v\u00e9los dans la ville.\u00a0Nous voulons encourager les personnes qui habitent Bousbecque et y travaillent \u00e0 se d\u00e9placer \u00e0 pied ou \u00e0 v\u00e9lo.<\/p>\n<ul>\n<li><span style=\"color: #008000;\">9) &#8211; Penser un espace public non discriminant en facilitant le d\u00e9placement de personnes avec des poussettes pour enfants et des fauteuils roulants. Diminuer le nombre et la vitesse des v\u00e9hicules motoris\u00e9s, source de danger et d\u2019ins\u00e9curit\u00e9 !\u00a0<\/span><\/li>\n<\/ul>\n<p><span style=\"color: #993300;\">R\u00e9ponse<\/span> <span style=\"color: #3366ff;\">:\u00a0<\/span>La vitesse en ville est un sujet tr\u00e8s pr\u00e9occupant\u00a0: nous avons \u00e0 c\u0153ur d\u2019\u00e9duquer et d\u2019inciter les personnes \u00e0 ralentir gr\u00e2ce \u00e0 l\u2019installation de radars p\u00e9dagogiques (celui du hameau des bois montre une baisse de la vitesse assez cons\u00e9quente).\u00a0Passer le centre-ville \u00e0 30km\/h fait \u00e9galement partie des mesures envisag\u00e9es.\u00a0L\u2019accessibilit\u00e9 aux personnes \u00e0 mobilit\u00e9 r\u00e9duire est notre cheval de bataille\u00a0: Bousbecque se doit d\u2019\u00eatre une ville exemplaire en ce qui concerne l\u2019acc\u00e8s aux trottoirs et aux commerces, la propret\u00e9 (d\u00e9jections canines) et la praticabilit\u00e9 du passage (poubelles entravant la circulation).\u00a0Nos moyens d\u2019action pour y parvenir\u00a0: la communication, la pr\u00e9vention, la mise en place de journ\u00e9es de sensibilisation.<\/p>\n<ul>\n<li><span style=\"color: #008000;\">10) &#8211; Mettre en place et renforcer les dispositifs de participation, d\u2019initiative citoyenne, de co-construction de la commune.\u00a0<\/span><\/li>\n<\/ul>\n<p><span style=\"color: #993300;\">R\u00e9ponse<\/span> <span style=\"color: #3366ff;\">:\u00a0<\/span>Nous avons \u00e0 c\u0153ur d\u2019\u00eatre \u00e0 l\u2019\u00e9coute des citoyens. Parmi les actions mises en place, nous voulons organiser au plus vite un conseil municipal des jeunes, afin de recueillir leur avis et leur permettre de prendre part \u00e0 la vie de leur commune.\u00a0Nous serons \u00e9galement attentifs aux associations et aux citoyens qui souhaitent participer et s\u2019exprimer via les r\u00e9seaux sociaux, mais aussi lors de r\u00e9unions et de groupes de travail sp\u00e9cifiques.<\/p>\n<ul>\n<li><span style=\"color: #008000;\">11) &#8211; Cr\u00e9er une commission extra-municipale du temps long pour repr\u00e9senter les int\u00e9r\u00eats de la nature et des g\u00e9n\u00e9rations futures, et s&rsquo;assurer de l&rsquo;ad\u00e9quation des projets de la commune avec les enjeux \u00e9cologiques, sociaux, climatiques.\u00a0<\/span><\/li>\n<\/ul>\n<p><span style=\"color: #993300;\">R\u00e9ponse<\/span> <span style=\"color: #3366ff;\">:\u00a0<\/span>Nous pensons qu\u2019il est indispensable d\u2019\u00e9couter nos concitoyens et de comprendre leurs besoins.\u00a0Nous envisageons donc d\u2019organiser des groupes de travail afin de compl\u00e9ter les comp\u00e9tences des membres de la liste \u00ab\u00a0Ensemble pour Bousbecque\u00a0\u00bb.<\/p>\n<p><span style=\"color: #008000;\">\u00a012) &#8211; Mettre \u00e0 disposition des initiatives associatives et citoyennes du territoire, des espaces et ressources pour encourager leur collaboration et favoriser le lien social.\u00a0<\/span><\/p>\n<p><span style=\"color: #993300;\">R\u00e9ponse<\/span> <span style=\"color: #3366ff;\">:\u00a0<\/span>Nous envisageons la cr\u00e9ation de jardins partag\u00e9s et\/ou familiaux offrant aux habitants l\u2019acc\u00e8s au \u00ab\u00a0mieux manger\u00a0\u00bb, tout en permettant de cr\u00e9er du lien social.\u00a0Nous avons rep\u00e9r\u00e9 quelques espaces possibles afin de concr\u00e9tiser ces jardins.<\/p>\n<p><span style=\"color: #008000;\"><strong>QUESTION<\/strong> =&gt; Envisagez-vous la cr\u00e9ation d\u2019un poste d\u2019Adjoint \u00e0 l\u2019environnement et \u00e0 l\u2019\u00e9cologie dans votre future \u00e9quipe municipale ?<\/span><\/p>\n<p><span style=\"color: #993300;\">R\u00e9ponse<\/span>\u00a0<span style=\"color: #3366ff;\"><span style=\"caret-color: #3366ff;\">=&gt;\u00a0<\/span><\/span><span style=\"text-decoration: underline;\">Nous envisageons la cr\u00e9ation d\u2019un poste d\u2019adjoint \u00e0 l\u2019environnement<\/span> dont l\u2019action serait compl\u00e9t\u00e9e par celles d\u2019un conseiller d\u00e9l\u00e9gu\u00e9 au d\u00e9veloppement durable et d\u2019un conseiller d\u00e9l\u00e9gu\u00e9 \u00e0 la biodiversit\u00e9.<\/p>\n<p>&nbsp;<\/p>\n<p>&nbsp;<\/p>\n","protected":false},"excerpt":{"rendered":"<p>Vous trouverez ici les r\u00e9ponses \u00e0 nos 12 propositions de la part des 2 listes en comp\u00e9tition. A commencer par les r\u00e9ponses de la liste ABCD du Maire sortant Mr LEFEBVRE et \u00e0 suivre \u00e0 la suite les r\u00e9ponses de la liste de Mr DHALLUIN \u00ab\u00a0Ensemble pour Bousbecque\u00a0\u00bb. Notons que cette derni\u00e8re liste\u00a0r\u00e9pond au souhait\u00a0de [&hellip;]<\/p>\n","protected":false},"author":3,"featured_media":0,"comment_status":"open","ping_status":"open","sticky":false,"template":"","format":"standard","meta":{"site-sidebar-layout":"default","site-content-layout":"","ast-site-content-layout":"default","site-content-style":"default","site-sidebar-style":"default","ast-global-header-display":"","ast-banner-title-visibility":"","ast-main-header-display":"","ast-hfb-above-header-display":"","ast-hfb-below-header-display":"","ast-hfb-mobile-header-display":"","site-post-title":"","ast-breadcrumbs-content":"","ast-featured-img":"","footer-sml-layout":"","theme-transparent-header-meta":"","adv-header-id-meta":"","stick-header-meta":"","header-above-stick-meta":"","header-main-stick-meta":"","header-below-stick-meta":"","astra-migrate-meta-layouts":"default","ast-page-background-enabled":"default","ast-page-background-meta":{"desktop":{"background-color":"var(--ast-global-color-4)","background-image":"","background-repeat":"repeat","background-position":"center center","background-size":"auto","background-attachment":"scroll","background-type":"","background-media":"","overlay-type":"","overlay-color":"","overlay-opacity":"","overlay-gradient":""},"tablet":{"background-color":"","background-image":"","background-repeat":"repeat","background-position":"center center","background-size":"auto","background-attachment":"scroll","background-type":"","background-media":"","overlay-type":"","overlay-color":"","overlay-opacity":"","overlay-gradient":""},"mobile":{"background-color":"","background-image":"","background-repeat":"repeat","background-position":"center center","background-size":"auto","background-attachment":"scroll","background-type":"","background-media":"","overlay-type":"","overlay-color":"","overlay-opacity":"","overlay-gradient":""}},"ast-content-background-meta":{"desktop":{"background-color":"var(--ast-global-color-5)","background-image":"","background-repeat":"repeat","background-position":"center center","background-size":"auto","background-attachment":"scroll","background-type":"","background-media":"","overlay-type":"","overlay-color":"","overlay-opacity":"","overlay-gradient":""},"tablet":{"background-color":"var(--ast-global-color-5)","background-image":"","background-repeat":"repeat","background-position":"center center","background-size":"auto","background-attachment":"scroll","background-type":"","background-media":"","overlay-type":"","overlay-color":"","overlay-opacity":"","overlay-gradient":""},"mobile":{"background-color":"var(--ast-global-color-5)","background-image":"","background-repeat":"repeat","background-position":"center center","background-size":"auto","background-attachment":"scroll","background-type":"","background-media":"","overlay-type":"","overlay-color":"","overlay-opacity":"","overlay-gradient":""}},"_jetpack_memberships_contains_paid_content":false,"footnotes":"","jetpack_publicize_message":"","jetpack_publicize_feature_enabled":true,"jetpack_social_post_already_shared":false,"jetpack_social_options":{"image_generator_settings":{"template":"highway","default_image_id":0,"font":"","enabled":false},"version":2}},"categories":[58],"tags":[],"class_list":["post-545","post","type-post","status-publish","format-standard","hentry","category-elections-municipales"],"jetpack_publicize_connections":[],"jetpack_featured_media_url":"","jetpack_sharing_enabled":true,"_links":{"self":[{"href":"https:\/\/acebousbecque.fr\/index.php\/wp-json\/wp\/v2\/posts\/545","targetHints":{"allow":["GET"]}}],"collection":[{"href":"https:\/\/acebousbecque.fr\/index.php\/wp-json\/wp\/v2\/posts"}],"about":[{"href":"https:\/\/acebousbecque.fr\/index.php\/wp-json\/wp\/v2\/types\/post"}],"author":[{"embeddable":true,"href":"https:\/\/acebousbecque.fr\/index.php\/wp-json\/wp\/v2\/users\/3"}],"replies":[{"embeddable":true,"href":"https:\/\/acebousbecque.fr\/index.php\/wp-json\/wp\/v2\/comments?post=545"}],"version-history":[{"count":6,"href":"https:\/\/acebousbecque.fr\/index.php\/wp-json\/wp\/v2\/posts\/545\/revisions"}],"predecessor-version":[{"id":570,"href":"https:\/\/acebousbecque.fr\/index.php\/wp-json\/wp\/v2\/posts\/545\/revisions\/570"}],"wp:attachment":[{"href":"https:\/\/acebousbecque.fr\/index.php\/wp-json\/wp\/v2\/media?parent=545"}],"wp:term":[{"taxonomy":"category","embeddable":true,"href":"https:\/\/acebousbecque.fr\/index.php\/wp-json\/wp\/v2\/categories?post=545"},{"taxonomy":"post_tag","embeddable":true,"href":"https:\/\/acebousbecque.fr\/index.php\/wp-json\/wp\/v2\/tags?post=545"}],"curies":[{"name":"wp","href":"https:\/\/api.w.org\/{rel}","templated":true}]}}