{"id":697,"date":"2023-02-20T13:06:34","date_gmt":"2023-02-20T12:06:34","guid":{"rendered":"https:\/\/acebousbecque.fr\/?p=697"},"modified":"2025-09-03T15:35:42","modified_gmt":"2025-09-03T14:35:42","slug":"entretien-dune-mare-pature-jouxtant-le-chemin-de-la-cronque-planque","status":"publish","type":"post","link":"https:\/\/acebousbecque.fr\/index.php\/2023\/02\/20\/entretien-dune-mare-pature-jouxtant-le-chemin-de-la-cronque-planque\/","title":{"rendered":"Entretien d&rsquo;une mare (p\u00e2ture jouxtant le chemin de la cronque planque)"},"content":{"rendered":"\n<p>En d\u00e9cembre 2022, nous avons taill\u00e9 les arbres et les arbustes au bord de la mare, afin de faire p\u00e9n\u00e9trer la lumi\u00e8re et de limiter l&rsquo;envasement de la mare. Une mare ensoleill\u00e9e est plus favorable \u00e0 la biodiversit\u00e9, car les v\u00e9g\u00e9taux aquatiques y poussent mieux (base de la cha\u00eene alimentaire), et l&rsquo;eau est \u00e9galement mieux oxyg\u00e9n\u00e9e.<\/p>\n\n\n\n<figure class=\"wp-block-image size-large\"><img loading=\"lazy\" decoding=\"async\" width=\"1024\" height=\"577\" src=\"https:\/\/acebousbecque.fr\/wp-content\/uploads\/2024\/12\/IMG_20230119_132720-1024x577.jpg\" alt=\"\" class=\"wp-image-698\" srcset=\"https:\/\/acebousbecque.fr\/wp-content\/uploads\/2024\/12\/IMG_20230119_132720-1024x577.jpg 1024w, https:\/\/acebousbecque.fr\/wp-content\/uploads\/2024\/12\/IMG_20230119_132720-300x169.jpg 300w, https:\/\/acebousbecque.fr\/wp-content\/uploads\/2024\/12\/IMG_20230119_132720-768x433.jpg 768w, https:\/\/acebousbecque.fr\/wp-content\/uploads\/2024\/12\/IMG_20230119_132720-1536x866.jpg 1536w, https:\/\/acebousbecque.fr\/wp-content\/uploads\/2024\/12\/IMG_20230119_132720-2048x1155.jpg 2048w\" sizes=\"auto, (max-width: 1024px) 100vw, 1024px\" \/><figcaption class=\"wp-element-caption\">Mare en eau deux semaines apr\u00e8s les travaux d&rsquo;entretien !<\/figcaption><\/figure>\n\n\n\n<p>Nous avons propos\u00e9 \u00e0 Arnaud Lefebvre, agriculteur Bousbecquois, d&rsquo;entretenir cette mare, et celui ci a accept\u00e9. Nous avons pass\u00e9 quelques heures \u00e0 tailler et \u00e0 ranger le bois et les branches, en formant un tas qui servira d&rsquo;abri \u00e0 la faune locale pour passer l&rsquo;hiver (tritons, crapaud, grenouilles rousses, h\u00e9rissons&#8230;)<\/p>\n\n\n\n<figure class=\"wp-block-gallery has-nested-images columns-default is-cropped wp-block-gallery-1 is-layout-flex wp-block-gallery-is-layout-flex\">\n<figure class=\"wp-block-image size-large\"><img loading=\"lazy\" decoding=\"async\" width=\"1024\" height=\"1024\" data-id=\"699\" src=\"https:\/\/acebousbecque.fr\/wp-content\/uploads\/2024\/12\/IMG_20221227_114122-1024x1024.jpg\" alt=\"\" class=\"wp-image-699\" srcset=\"https:\/\/acebousbecque.fr\/wp-content\/uploads\/2024\/12\/IMG_20221227_114122-1024x1024.jpg 1024w, https:\/\/acebousbecque.fr\/wp-content\/uploads\/2024\/12\/IMG_20221227_114122-300x300.jpg 300w, https:\/\/acebousbecque.fr\/wp-content\/uploads\/2024\/12\/IMG_20221227_114122-150x150.jpg 150w, https:\/\/acebousbecque.fr\/wp-content\/uploads\/2024\/12\/IMG_20221227_114122-768x768.jpg 768w, https:\/\/acebousbecque.fr\/wp-content\/uploads\/2024\/12\/IMG_20221227_114122-1536x1536.jpg 1536w, https:\/\/acebousbecque.fr\/wp-content\/uploads\/2024\/12\/IMG_20221227_114122-2048x2048.jpg 2048w\" sizes=\"auto, (max-width: 1024px) 100vw, 1024px\" \/><figcaption class=\"wp-element-caption\">\u00e9mondage des arbres<\/figcaption><\/figure>\n\n\n\n<figure class=\"wp-block-image size-large\"><img loading=\"lazy\" decoding=\"async\" width=\"1024\" height=\"1024\" data-id=\"706\" src=\"https:\/\/acebousbecque.fr\/wp-content\/uploads\/2024\/12\/IMG_20221227_113316-1024x1024.jpg\" alt=\"\" class=\"wp-image-706\" srcset=\"https:\/\/acebousbecque.fr\/wp-content\/uploads\/2024\/12\/IMG_20221227_113316-1024x1024.jpg 1024w, https:\/\/acebousbecque.fr\/wp-content\/uploads\/2024\/12\/IMG_20221227_113316-300x300.jpg 300w, https:\/\/acebousbecque.fr\/wp-content\/uploads\/2024\/12\/IMG_20221227_113316-150x150.jpg 150w, https:\/\/acebousbecque.fr\/wp-content\/uploads\/2024\/12\/IMG_20221227_113316-768x768.jpg 768w, https:\/\/acebousbecque.fr\/wp-content\/uploads\/2024\/12\/IMG_20221227_113316-1536x1536.jpg 1536w, https:\/\/acebousbecque.fr\/wp-content\/uploads\/2024\/12\/IMG_20221227_113316-2048x2048.jpg 2048w\" sizes=\"auto, (max-width: 1024px) 100vw, 1024px\" \/><figcaption class=\"wp-element-caption\"><mark style=\"background-color:var(--ast-global-color-0)\" class=\"has-inline-color has-ast-global-color-8-color\">Les stries parall\u00e8les sont des traces de ponte de Leste verte<\/mark><\/figcaption><\/figure>\n\n\n\n<figure class=\"wp-block-image size-large\"><img loading=\"lazy\" decoding=\"async\" width=\"1024\" height=\"577\" data-id=\"705\" src=\"https:\/\/acebousbecque.fr\/wp-content\/uploads\/2024\/12\/IMG_20221227_122344-1-1024x577.jpg\" alt=\"\" class=\"wp-image-705\" srcset=\"https:\/\/acebousbecque.fr\/wp-content\/uploads\/2024\/12\/IMG_20221227_122344-1-1024x577.jpg 1024w, https:\/\/acebousbecque.fr\/wp-content\/uploads\/2024\/12\/IMG_20221227_122344-1-300x169.jpg 300w, https:\/\/acebousbecque.fr\/wp-content\/uploads\/2024\/12\/IMG_20221227_122344-1-768x433.jpg 768w, https:\/\/acebousbecque.fr\/wp-content\/uploads\/2024\/12\/IMG_20221227_122344-1-1536x866.jpg 1536w, https:\/\/acebousbecque.fr\/wp-content\/uploads\/2024\/12\/IMG_20221227_122344-1-2048x1155.jpg 2048w\" sizes=\"auto, (max-width: 1024px) 100vw, 1024px\" \/><figcaption class=\"wp-element-caption\">confection du tas de bois<\/figcaption><\/figure>\n<\/figure>\n\n\n\n<p>Nous avons notamment observ\u00e9 des traces de ponte de la Leste verte sur des rameaux de saule. La <a href=\"https:\/\/www.libellen.tv\/fr-libellule\/libellule_leste-vert.html\">leste verte<\/a> est la seule libellule de France qui ne pond pas ses \u0153ufs dans l&rsquo;eau. Elle pond sous l\u2019\u00e9corce des branches d&rsquo;arbres poussant au dessus de l&rsquo;eau (saules, fr\u00eanes, aulnes, peupliers,&#8230;). Quand l\u2019\u0153uf \u00e9clot, le larve tombe dans l&rsquo;eau.<\/p>\n\n\n\n<p><\/p>\n","protected":false},"excerpt":{"rendered":"<p>En d\u00e9cembre 2022, nous avons taill\u00e9 les arbres et les arbustes au bord de la mare, afin de faire p\u00e9n\u00e9trer la lumi\u00e8re et de limiter l&rsquo;envasement de la mare. Une mare ensoleill\u00e9e est plus favorable \u00e0 la biodiversit\u00e9, car les v\u00e9g\u00e9taux aquatiques y poussent mieux (base de la cha\u00eene alimentaire), et l&rsquo;eau est \u00e9galement mieux [&hellip;]<\/p>\n","protected":false},"author":4,"featured_media":698,"comment_status":"open","ping_status":"open","sticky":false,"template":"","format":"standard","meta":{"site-sidebar-layout":"default","site-content-layout":"","ast-site-content-layout":"default","site-content-style":"default","site-sidebar-style":"default","ast-global-header-display":"","ast-banner-title-visibility":"","ast-main-header-display":"","ast-hfb-above-header-display":"","ast-hfb-below-header-display":"","ast-hfb-mobile-header-display":"","site-post-title":"","ast-breadcrumbs-content":"","ast-featured-img":"disabled","footer-sml-layout":"","theme-transparent-header-meta":"","adv-header-id-meta":"","stick-header-meta":"","header-above-stick-meta":"","header-main-stick-meta":"","header-below-stick-meta":"","astra-migrate-meta-layouts":"set","ast-page-background-enabled":"default","ast-page-background-meta":{"desktop":{"background-color":"var(--ast-global-color-4)","background-image":"","background-repeat":"repeat","background-position":"center center","background-size":"auto","background-attachment":"scroll","background-type":"","background-media":"","overlay-type":"","overlay-color":"","overlay-opacity":"","overlay-gradient":""},"tablet":{"background-color":"","background-image":"","background-repeat":"repeat","background-position":"center center","background-size":"auto","background-attachment":"scroll","background-type":"","background-media":"","overlay-type":"","overlay-color":"","overlay-opacity":"","overlay-gradient":""},"mobile":{"background-color":"","background-image":"","background-repeat":"repeat","background-position":"center center","background-size":"auto","background-attachment":"scroll","background-type":"","background-media":"","overlay-type":"","overlay-color":"","overlay-opacity":"","overlay-gradient":""}},"ast-content-background-meta":{"desktop":{"background-color":"var(--ast-global-color-5)","background-image":"","background-repeat":"repeat","background-position":"center center","background-size":"auto","background-attachment":"scroll","background-type":"","background-media":"","overlay-type":"","overlay-color":"","overlay-opacity":"","overlay-gradient":""},"tablet":{"background-color":"var(--ast-global-color-5)","background-image":"","background-repeat":"repeat","background-position":"center center","background-size":"auto","background-attachment":"scroll","background-type":"","background-media":"","overlay-type":"","overlay-color":"","overlay-opacity":"","overlay-gradient":""},"mobile":{"background-color":"var(--ast-global-color-5)","background-image":"","background-repeat":"repeat","background-position":"center center","background-size":"auto","background-attachment":"scroll","background-type":"","background-media":"","overlay-type":"","overlay-color":"","overlay-opacity":"","overlay-gradient":""}},"_jetpack_memberships_contains_paid_content":false,"footnotes":"","jetpack_publicize_message":"","jetpack_publicize_feature_enabled":true,"jetpack_social_post_already_shared":false,"jetpack_social_options":{"image_generator_settings":{"template":"highway","default_image_id":0,"font":"","enabled":false},"version":2}},"categories":[10,56,55],"tags":[13],"class_list":["post-697","post","type-post","status-publish","format-standard","has-post-thumbnail","hentry","category-educatif","category-mare","category-nature","tag-bousbecque"],"jetpack_publicize_connections":[],"jetpack_featured_media_url":"https:\/\/acebousbecque.fr\/wp-content\/uploads\/2024\/12\/IMG_20230119_132720-scaled.jpg","jetpack_sharing_enabled":true,"_links":{"self":[{"href":"https:\/\/acebousbecque.fr\/index.php\/wp-json\/wp\/v2\/posts\/697","targetHints":{"allow":["GET"]}}],"collection":[{"href":"https:\/\/acebousbecque.fr\/index.php\/wp-json\/wp\/v2\/posts"}],"about":[{"href":"https:\/\/acebousbecque.fr\/index.php\/wp-json\/wp\/v2\/types\/post"}],"author":[{"embeddable":true,"href":"https:\/\/acebousbecque.fr\/index.php\/wp-json\/wp\/v2\/users\/4"}],"replies":[{"embeddable":true,"href":"https:\/\/acebousbecque.fr\/index.php\/wp-json\/wp\/v2\/comments?post=697"}],"version-history":[{"count":6,"href":"https:\/\/acebousbecque.fr\/index.php\/wp-json\/wp\/v2\/posts\/697\/revisions"}],"predecessor-version":[{"id":714,"href":"https:\/\/acebousbecque.fr\/index.php\/wp-json\/wp\/v2\/posts\/697\/revisions\/714"}],"wp:featuredmedia":[{"embeddable":true,"href":"https:\/\/acebousbecque.fr\/index.php\/wp-json\/wp\/v2\/media\/698"}],"wp:attachment":[{"href":"https:\/\/acebousbecque.fr\/index.php\/wp-json\/wp\/v2\/media?parent=697"}],"wp:term":[{"taxonomy":"category","embeddable":true,"href":"https:\/\/acebousbecque.fr\/index.php\/wp-json\/wp\/v2\/categories?post=697"},{"taxonomy":"post_tag","embeddable":true,"href":"https:\/\/acebousbecque.fr\/index.php\/wp-json\/wp\/v2\/tags?post=697"}],"curies":[{"name":"wp","href":"https:\/\/api.w.org\/{rel}","templated":true}]}}