{"id":844,"date":"2025-09-03T16:20:28","date_gmt":"2025-09-03T15:20:28","guid":{"rendered":"https:\/\/acebousbecque.fr\/?p=844"},"modified":"2025-09-03T16:20:29","modified_gmt":"2025-09-03T15:20:29","slug":"cine-debat-les-adaptes","status":"publish","type":"post","link":"https:\/\/acebousbecque.fr\/index.php\/2025\/09\/03\/cine-debat-les-adaptes\/","title":{"rendered":"Cin\u00e9 D\u00e9bat : Les Adapt\u00e9s"},"content":{"rendered":"\n<p>L&rsquo;Aceb s&rsquo;est associ\u00e9e au cin\u00e9ma le foyer de Bousbecque pour projeter un film sur <strong>plusieurs agriculteurs et agricultrices des Hauts de France qui sont confront\u00e9s aux bouleversements climatiques<\/strong><\/p>\n\n\n\n<p>La projection a eu lieu le vendredi 25 avril 2025 \u00e0 20h<\/p>\n\n\n\n<p>Pendant un an, Denis Dottel et Fran\u00e7ois Launay, r\u00e9alisateurs, les ont suivis de pr\u00e8s :<\/p>\n\n\n\n<ul class=\"wp-block-list\">\n<li>Gauthier, mara\u00eecher Amap du Coeur Joyeux \u00e0 Quesnoy-sur-De\u00fble,<\/li>\n\n\n\n<li>Laurence, foresti\u00e8re dans l&rsquo;Oise,<\/li>\n\n\n\n<li>Romain, \u00e9leveur de vaches laiti\u00e8res sur la C\u00f4te d&rsquo;Opale.<\/li>\n<\/ul>\n\n\n\n<p>La projection a \u00e9t\u00e9 suivie d&rsquo;une discussion en pr\u00e9sence de :<\/p>\n\n\n\n<ul class=\"wp-block-list\">\n<li>Gautier Michal mara\u00eecher de l&rsquo;Amap du Coeur Joyeux&nbsp;<\/li>\n\n\n\n<li>Du r\u00e9alisateur Denis Dottel<br><\/li>\n<\/ul>\n\n\n\n<p>Une tr\u00e8s belle occasion de se retrouver ensemble autour d&rsquo;un sujet qui nous tient \u00e0 coeur .<\/p>\n\n\n\n<figure class=\"wp-block-image size-large\"><img loading=\"lazy\" decoding=\"async\" width=\"1024\" height=\"576\" src=\"https:\/\/acebousbecque.fr\/wp-content\/uploads\/2025\/09\/Les-Adaptes_Photo1-1024x576.png\" alt=\"\" class=\"wp-image-839\" srcset=\"https:\/\/acebousbecque.fr\/wp-content\/uploads\/2025\/09\/Les-Adaptes_Photo1-1024x576.png 1024w, https:\/\/acebousbecque.fr\/wp-content\/uploads\/2025\/09\/Les-Adaptes_Photo1-300x169.png 300w, https:\/\/acebousbecque.fr\/wp-content\/uploads\/2025\/09\/Les-Adaptes_Photo1-768x432.png 768w, https:\/\/acebousbecque.fr\/wp-content\/uploads\/2025\/09\/Les-Adaptes_Photo1.png 1500w\" sizes=\"auto, (max-width: 1024px) 100vw, 1024px\" \/><\/figure>\n","protected":false},"excerpt":{"rendered":"<p>L&rsquo;Aceb s&rsquo;est associ\u00e9e au cin\u00e9ma le foyer de Bousbecque pour projeter un film sur plusieurs agriculteurs et agricultrices des Hauts de France qui sont confront\u00e9s aux bouleversements climatiques La projection a eu lieu le vendredi 25 avril 2025 \u00e0 20h Pendant un an, Denis Dottel et Fran\u00e7ois Launay, r\u00e9alisateurs, les ont suivis de pr\u00e8s : [&hellip;]<\/p>\n","protected":false},"author":4,"featured_media":839,"comment_status":"open","ping_status":"open","sticky":false,"template":"","format":"standard","meta":{"site-sidebar-layout":"default","site-content-layout":"","ast-site-content-layout":"default","site-content-style":"default","site-sidebar-style":"default","ast-global-header-display":"","ast-banner-title-visibility":"","ast-main-header-display":"","ast-hfb-above-header-display":"","ast-hfb-below-header-display":"","ast-hfb-mobile-header-display":"","site-post-title":"","ast-breadcrumbs-content":"","ast-featured-img":"disabled","footer-sml-layout":"","theme-transparent-header-meta":"","adv-header-id-meta":"","stick-header-meta":"","header-above-stick-meta":"","header-main-stick-meta":"","header-below-stick-meta":"","astra-migrate-meta-layouts":"set","ast-page-background-enabled":"default","ast-page-background-meta":{"desktop":{"background-color":"var(--ast-global-color-4)","background-image":"","background-repeat":"repeat","background-position":"center center","background-size":"auto","background-attachment":"scroll","background-type":"","background-media":"","overlay-type":"","overlay-color":"","overlay-opacity":"","overlay-gradient":""},"tablet":{"background-color":"","background-image":"","background-repeat":"repeat","background-position":"center center","background-size":"auto","background-attachment":"scroll","background-type":"","background-media":"","overlay-type":"","overlay-color":"","overlay-opacity":"","overlay-gradient":""},"mobile":{"background-color":"","background-image":"","background-repeat":"repeat","background-position":"center center","background-size":"auto","background-attachment":"scroll","background-type":"","background-media":"","overlay-type":"","overlay-color":"","overlay-opacity":"","overlay-gradient":""}},"ast-content-background-meta":{"desktop":{"background-color":"var(--ast-global-color-5)","background-image":"","background-repeat":"repeat","background-position":"center center","background-size":"auto","background-attachment":"scroll","background-type":"","background-media":"","overlay-type":"","overlay-color":"","overlay-opacity":"","overlay-gradient":""},"tablet":{"background-color":"var(--ast-global-color-5)","background-image":"","background-repeat":"repeat","background-position":"center center","background-size":"auto","background-attachment":"scroll","background-type":"","background-media":"","overlay-type":"","overlay-color":"","overlay-opacity":"","overlay-gradient":""},"mobile":{"background-color":"var(--ast-global-color-5)","background-image":"","background-repeat":"repeat","background-position":"center center","background-size":"auto","background-attachment":"scroll","background-type":"","background-media":"","overlay-type":"","overlay-color":"","overlay-opacity":"","overlay-gradient":""}},"_jetpack_memberships_contains_paid_content":false,"footnotes":"","jetpack_publicize_message":"","jetpack_publicize_feature_enabled":true,"jetpack_social_post_already_shared":false,"jetpack_social_options":{"image_generator_settings":{"template":"highway","default_image_id":0,"font":"","enabled":false},"version":2}},"categories":[62,35,57],"tags":[],"class_list":["post-844","post","type-post","status-publish","format-standard","has-post-thumbnail","hentry","category-climat","category-producteurs-locaux","category-protection-de-lenvironnement"],"jetpack_publicize_connections":[],"jetpack_featured_media_url":"https:\/\/acebousbecque.fr\/wp-content\/uploads\/2025\/09\/Les-Adaptes_Photo1.png","jetpack_sharing_enabled":true,"_links":{"self":[{"href":"https:\/\/acebousbecque.fr\/index.php\/wp-json\/wp\/v2\/posts\/844","targetHints":{"allow":["GET"]}}],"collection":[{"href":"https:\/\/acebousbecque.fr\/index.php\/wp-json\/wp\/v2\/posts"}],"about":[{"href":"https:\/\/acebousbecque.fr\/index.php\/wp-json\/wp\/v2\/types\/post"}],"author":[{"embeddable":true,"href":"https:\/\/acebousbecque.fr\/index.php\/wp-json\/wp\/v2\/users\/4"}],"replies":[{"embeddable":true,"href":"https:\/\/acebousbecque.fr\/index.php\/wp-json\/wp\/v2\/comments?post=844"}],"version-history":[{"count":4,"href":"https:\/\/acebousbecque.fr\/index.php\/wp-json\/wp\/v2\/posts\/844\/revisions"}],"predecessor-version":[{"id":848,"href":"https:\/\/acebousbecque.fr\/index.php\/wp-json\/wp\/v2\/posts\/844\/revisions\/848"}],"wp:featuredmedia":[{"embeddable":true,"href":"https:\/\/acebousbecque.fr\/index.php\/wp-json\/wp\/v2\/media\/839"}],"wp:attachment":[{"href":"https:\/\/acebousbecque.fr\/index.php\/wp-json\/wp\/v2\/media?parent=844"}],"wp:term":[{"taxonomy":"category","embeddable":true,"href":"https:\/\/acebousbecque.fr\/index.php\/wp-json\/wp\/v2\/categories?post=844"},{"taxonomy":"post_tag","embeddable":true,"href":"https:\/\/acebousbecque.fr\/index.php\/wp-json\/wp\/v2\/tags?post=844"}],"curies":[{"name":"wp","href":"https:\/\/api.w.org\/{rel}","templated":true}]}}