{"id":850,"date":"2025-09-11T21:15:55","date_gmt":"2025-09-11T20:15:55","guid":{"rendered":"https:\/\/acebousbecque.fr\/?p=850"},"modified":"2025-09-11T21:18:54","modified_gmt":"2025-09-11T20:18:54","slug":"convergence-velo","status":"publish","type":"post","link":"https:\/\/acebousbecque.fr\/index.php\/2025\/09\/11\/convergence-velo\/","title":{"rendered":"Convergence V\u00e9lo"},"content":{"rendered":"\n<p>Le 18 mai 2025, notre petite \u00e9quipe s&rsquo;est rendue \u00e0 v\u00e9lo jusqu&rsquo;\u00e0 Lille, dans le cadre d&rsquo;un \u00e9v\u00e8nement organis\u00e9 par l&rsquo;ADAV (Association Droit au V\u00e9lo). Le but \u00e9tant de d\u00e9couvrir un chemins agr\u00e9able \u00e0 v\u00e9lo jusqu&rsquo;\u00e0 Lille, et de rejoindre pr\u00e9s de 250 cyclistes qui venaient eux aussi des 4 coins de la m\u00e9tropole, certains groupes venaient m\u00eame de Saint Omer, Bethune, Lens ou Valencienne !!!<\/p>\n\n\n\n<p>Une parade \u00e0 v\u00e9lo nous a men\u00e9  jusqu&rsquo;\u00e0 la citadelle, et nous avons pique niqu\u00e9 tous ensemble. Ensuite chaque groupe de cycliste est reparti vers d&rsquo;autres aventures.<\/p>\n\n\n\n<p>Nous avons d\u00e9couvert un beau chemin \u00e0 travers la campagne, de Bousbecque \u00e0 Wambrechie en passant par Linselles, et nous n&rsquo;avons quasiment pas crois\u00e9 de voitures. De l\u00e0 nous avons long\u00e9 la Deule jusqu\u2019\u00e0 Lille.<\/p>\n\n\n\n<figure class=\"wp-block-gallery has-nested-images columns-default is-cropped wp-block-gallery-1 is-layout-flex wp-block-gallery-is-layout-flex\">\n<figure class=\"wp-block-image size-large\"><img loading=\"lazy\" decoding=\"async\" width=\"1024\" height=\"485\" data-id=\"852\" src=\"https:\/\/acebousbecque.fr\/wp-content\/uploads\/2025\/09\/IMG_20250518_101938-1024x485.jpg\" alt=\"\" class=\"wp-image-852\" srcset=\"https:\/\/acebousbecque.fr\/wp-content\/uploads\/2025\/09\/IMG_20250518_101938-1024x485.jpg 1024w, https:\/\/acebousbecque.fr\/wp-content\/uploads\/2025\/09\/IMG_20250518_101938-300x142.jpg 300w, https:\/\/acebousbecque.fr\/wp-content\/uploads\/2025\/09\/IMG_20250518_101938-768x363.jpg 768w, https:\/\/acebousbecque.fr\/wp-content\/uploads\/2025\/09\/IMG_20250518_101938-1536x727.jpg 1536w, https:\/\/acebousbecque.fr\/wp-content\/uploads\/2025\/09\/IMG_20250518_101938-2048x969.jpg 2048w\" sizes=\"auto, (max-width: 1024px) 100vw, 1024px\" \/><\/figure>\n\n\n\n<figure class=\"wp-block-image size-large\"><img loading=\"lazy\" decoding=\"async\" width=\"1024\" height=\"768\" data-id=\"851\" src=\"https:\/\/acebousbecque.fr\/wp-content\/uploads\/2025\/09\/whatsapp_image_2023-05-28_a_15.20_07_c60c663c-1024x768.jpg\" alt=\"\" class=\"wp-image-851\" srcset=\"https:\/\/acebousbecque.fr\/wp-content\/uploads\/2025\/09\/whatsapp_image_2023-05-28_a_15.20_07_c60c663c-1024x768.jpg 1024w, https:\/\/acebousbecque.fr\/wp-content\/uploads\/2025\/09\/whatsapp_image_2023-05-28_a_15.20_07_c60c663c-300x225.jpg 300w, https:\/\/acebousbecque.fr\/wp-content\/uploads\/2025\/09\/whatsapp_image_2023-05-28_a_15.20_07_c60c663c-768x576.jpg 768w, https:\/\/acebousbecque.fr\/wp-content\/uploads\/2025\/09\/whatsapp_image_2023-05-28_a_15.20_07_c60c663c-1536x1152.jpg 1536w, https:\/\/acebousbecque.fr\/wp-content\/uploads\/2025\/09\/whatsapp_image_2023-05-28_a_15.20_07_c60c663c.jpg 1600w\" sizes=\"auto, (max-width: 1024px) 100vw, 1024px\" \/><\/figure>\n<\/figure>\n\n\n\n<iframe loading=\"lazy\" width=\"100%\" height=\"800px\" frameborder=\"0\" allowfullscreen allow=\"geolocation\" src=\"\/\/umap.openstreetmap.fr\/fr\/map\/convergence-18-mai_1199869?scaleControl=false&#038;miniMap=false&#038;scrollWheelZoom=false&#038;zoomControl=true&#038;editMode=disabled&#038;moreControl=true&#038;searchControl=null&#038;tilelayersControl=null&#038;embedControl=null&#038;datalayersControl=true&#038;onLoadPanel=none&#038;captionBar=false&#038;captionMenus=true\"><\/iframe><p><a href=\"\/\/umap.openstreetmap.fr\/fr\/map\/convergence-18-mai_1199869?scaleControl=false&#038;miniMap=false&#038;scrollWheelZoom=true&#038;zoomControl=true&#038;editMode=disabled&#038;moreControl=true&#038;searchControl=null&#038;tilelayersControl=null&#038;embedControl=null&#038;datalayersControl=true&#038;onLoadPanel=none&#038;captionBar=false&#038;captionMenus=true\">Voir en plein \u00e9cran<\/a><\/p>\n\n\n\n<div class=\"wp-block-columns are-vertically-aligned-top is-layout-flex wp-container-core-columns-is-layout-28f84493 wp-block-columns-is-layout-flex\">\n<div class=\"wp-block-column is-vertically-aligned-top is-layout-flow wp-block-column-is-layout-flow\" style=\"flex-basis:100%\">\n<div class=\"wp-block-group is-layout-constrained wp-block-group-is-layout-constrained\"><div class=\"wp-block-group__inner-container\">\n<div class=\"wp-block-uagb-container uagb-block-c5e497b3 alignfull uagb-is-root-container\"><div class=\"uagb-container-inner-blocks-wrap\">\n<div class=\"wp-block-uagb-container uagb-block-7c07bb0f\">\n\t\t<div class=\"gpxv-view\">\n\t\t\t<div id=\"map-container\" class=\" small-viewport\">\n\n\t<!-- Hook for the Leaflet Map -->\n\t<div id=\"leaflet-map\"><\/div>\n\n\t\n\t\n\t<div id=\"track\" class=\"track-info\"  >\n\t\t<h3>\n\t\t\t<span id=\"gpx-title\">convergence Bousbecque Lille&nbsp;<\/span>\n\t\t\t\t\t\t<a  href=\"\/\/acebousbecque.fr\/wp-content\/uploads\/gpx\/gpx\/convergence Bousbecque Lille.gpx\"  download=\"convergence Bousbecque Lille.gpx\" class=\"gpx-file\"  >\n\t\t\t\t<span class=\"dashicons dashicons-download\"><\/span>GPX\n\t\t\t<\/a>\n\t\t\t\t\t<\/h3>\n\t\t<div class=\"content\" >\n\t\t\t<svg class=\"elevation-profile\"  viewBox=\"0 0 290 230\" >\n\t\t\t\t<defs>\n\t\t\t\t\t<marker id=\"t\" markerWidth=\"4\" markerHeight=\"4\" orient=\"auto\" refY=\"2\" refX=\"3\">\n\t\t\t\t\t<path d=\"M0,0 L4,2 0,4\" fill=\"#000\"><\/path>\n\t\t\t\t\t<\/marker>\n\t\t\t\t<\/defs>\n\t\t\t\t<g transform=\"translate(50,10)\">\n\t\t\t\t<!-- horizontal -->\n\t\t\t\t<!-- y = 50 (180-50)-->\n\t\t\t\t<line class=\"line\" x1=\"-5\" y1=\"160\" x2=\"220\" y2=\"160\"><\/line>\n\t\t\t\t<text class=\"h1 line\" x=\"-5\" y=\"160\" text-anchor=\"end\">50<\/text>\n\t\t\t\t<line class=\"line\" x1=\"-5\" y1=\"120\" x2=\"220\" y2=\"120\"><\/line>\n\t\t\t\t<text class=\"h2 line\" x=\"-5\" y=\"120\" text-anchor=\"end\">100<\/text>\n\t\t\t\t<line class=\"line\" x1=\"-5\" y1=\"80\" x2=\"220\" y2=\"80\"><\/line>\n\t\t\t\t<text class=\"h3 line\" x=\"-5\" y=\"80\" text-anchor=\"end\">150<\/text>\n\t\t\t\t<line class=\"line\" x1=\"-5\" y1=\"40\" x2=\"220\" y2=\"40\"><\/line>\n\t\t\t\t<text class=\"h4 line\" x=\"-5\" y=\"40\" text-anchor=\"end\">200<\/text>\n\t\t\t\t<!-- Vertical -->\n\t\t\t\t<g class=\"v1\" transform=\"translate(60,0)\">\n\t\t\t\t\t<line class=\"line\" x1=\"0\" y1=\"0\" x2=\"0\" y2=\"185\"><\/line>\n\t\t\t\t\t<text  class=\"line\" x=\"0\" y=\"193\" text-anchor=\"middle\">5<\/text>\n\t\t\t\t<\/g>\n\t\t\t\t<g class=\"v2\" transform=\"translate(120,0)\">\n\t\t\t\t\t<line class=\"line\" x1=\"0\" y1=\"0\" x2=\"0\" y2=\"185\"><\/line>\n\t\t\t\t\t<text  class=\"line\" x=\"0\" y=\"193\" text-anchor=\"middle\">10<\/text>\n\t\t\t\t<\/g>\n\t\t\t\t<g class=\"v3\" transform=\"translate(180,0)\">\n\t\t\t\t\t<line class=\"line\" x1=\"0\" y1=\"0\" x2=\"0\" y2=\"185\"><\/line>\n\t\t\t\t\t<text id=\"v3\" class=\"line\" x=\"0\" y=\"193\" text-anchor=\"middle\">15<\/text>\n\t\t\t\t<\/g>\n\t\t\t\t<!-- cadre  -->\n\t\t\t\t<rect x=\"0\" y=\"0\" width=\"220\" height=\"180\" ><\/rect>\n\t\t\t\t<!-- horizontal axis x -->\n\t\t\t\t<line class=\"axis\" x1=\"0\" y1=\"180\" x2=\"210\" y2=\"180\"  marker-end=\"url(#t)\"><\/line>\n\t\t\t\t<text x=\"110\" y=\"210\" text-anchor=\"middle\">Distance (km)<\/text>\n\t\t\t\t<!-- vertical axis y -->\n\t\t\t\t<line class=\"axis\" x1=\"0\" y1=\"180\" x2=\"0\" y2=\"10\" marker-end=\"url(#t)\"><\/line>\n\t\t\t\t<text x=\"0\" y=\"0\" transform=\"rotate(-90) translate(-100, -40)\" text-anchor=\"middle\"> (m)<\/text>\n\t\t\t\t<path class=\"profile-line\" d=\"\"><\/path>\n\t\t\t\n\t\t\t\t<line class=\"move-line\" x1=\"0\" y1=\"185\" x2=\"0\" y2=\"-5\"><\/line>\n\t\t\t\t<\/g>\n\t\t\t<\/svg>\n\t\t\t<div class=\"gpx-no-data\">Aucune donn\u00e9e d\u2019altitude<\/div>\n\t\t\t<table class=\"properties\">\n\t\t\t\t<tr>\n\t\t\t\t\t<td >Nom: <\/td>\n\t\t\t\t\t<td class=\"gpx-name\"><em>Aucune donn\u00e9e<\/em><\/td>\n\t\t\t\t<\/tr>\n\t\t\t\t<tr>\n\t\t\t\t\t<td>Distance: <\/td>\n\t\t\t\t\t<td class=\"gpx-distance\"><em>Aucune donn\u00e9e<\/em><\/td>\n\t\t\t\t<\/tr>\n\t\t\t\t<tr>\n\t\t\t\t\t<td>Altitude min.: <\/td>\n\t\t\t\t\t<td  class=\"gpx-min-elevation\" ><em>Aucune donn\u00e9e<\/em><\/td>\n\t\t\t\t<\/tr>\n\t\t\t\t<tr>\n\t\t\t\t\t<td>Altitude max.: <\/td>\n\t\t\t\t\t<td  class=\"gpx-max-elevation\" ><em>Aucune donn\u00e9e<\/em><\/td>\n\t\t\t\t<\/tr>\n\t\t\t\t<tr>\n\t\t\t\t\t<td>D\u00e9nivel\u00e9 positif: <\/td>\n\t\t\t\t\t<td  class=\"gpx-elevation-gain\" ><em>Aucune donn\u00e9e<\/em><\/td>\n\t\t\t\t<\/tr>\n\t\t\t\t<tr >\n\t\t\t\t\t<td>D\u00e9nivel\u00e9 n\u00e9gatif: <\/td>\n\t\t\t\t\t<td class=\"gpx-elevation-loss\" ><em>Aucune donn\u00e9e<\/em><\/td>\n\t\t\t\t<\/tr>\n\t\t\t\t<tr>\n\t\t\t\t\t<td>Dur\u00e9e: <\/td>\n\t\t\t\t\t<td class=\"gpx-duration\" ><em>Aucune donn\u00e9e<\/em><\/td>\n\t\t\t\t<\/tr>\n\t\t\t<\/table>\n\t\t<\/div>\n\t<\/div>\n<\/div>\n\n\t\t<\/div>\n\t\t\t\n<\/div>\n\n\n\n<div class=\"wp-block-uagb-container uagb-block-eaaa15f3\">\n<p>Vous pouvez t\u00e9l\u00e9charger le trajet.<\/p>\n\n\n\n<p><\/p>\n\n\n\n<p>Pour plus d&rsquo;informations : <a href=\"https:\/\/droitauvelo.org\/Mai-a-velo-Convergence-vers-Lille-dimanche-18-mai\">https:\/\/droitauvelo.org\/Mai-a-velo-Convergence-vers-Lille-dimanche-18-mai<\/a><\/p>\n\n\n\n<p><a href=\"https:\/\/www.lavoixdunord.fr\/1585771\/article\/2025-05-15\/je-ne-peux-pas-dimanche-j-ai-velo-entre-convergence-et-la-caravane-vanne-une\">https:\/\/www.lavoixdunord.fr\/1585771\/article\/2025-05-15\/je-ne-peux-pas-dimanche-j-ai-velo-entre-convergence-et-la-caravane-vanne-une<\/a><\/p>\n<\/div>\n<\/div><\/div>\n<\/div><\/div>\n<\/div>\n<\/div>\n\n\n\n<p><\/p>\n","protected":false},"excerpt":{"rendered":"<p>Le 18 mai 2025, notre petite \u00e9quipe s&rsquo;est rendue \u00e0 v\u00e9lo jusqu&rsquo;\u00e0 Lille, dans le cadre d&rsquo;un \u00e9v\u00e8nement organis\u00e9 par l&rsquo;ADAV (Association Droit au V\u00e9lo). Le but \u00e9tant de d\u00e9couvrir un chemins agr\u00e9able \u00e0 v\u00e9lo jusqu&rsquo;\u00e0 Lille, et de rejoindre pr\u00e9s de 250 cyclistes qui venaient eux aussi des 4 coins de la m\u00e9tropole, certains [&hellip;]<\/p>\n","protected":false},"author":4,"featured_media":853,"comment_status":"open","ping_status":"open","sticky":false,"template":"","format":"standard","meta":{"site-sidebar-layout":"default","site-content-layout":"","ast-site-content-layout":"default","site-content-style":"default","site-sidebar-style":"default","ast-global-header-display":"","ast-banner-title-visibility":"","ast-main-header-display":"","ast-hfb-above-header-display":"","ast-hfb-below-header-display":"","ast-hfb-mobile-header-display":"","site-post-title":"","ast-breadcrumbs-content":"","ast-featured-img":"disabled","footer-sml-layout":"","theme-transparent-header-meta":"","adv-header-id-meta":"","stick-header-meta":"","header-above-stick-meta":"","header-main-stick-meta":"","header-below-stick-meta":"","astra-migrate-meta-layouts":"set","ast-page-background-enabled":"default","ast-page-background-meta":{"desktop":{"background-color":"var(--ast-global-color-4)","background-image":"","background-repeat":"repeat","background-position":"center center","background-size":"auto","background-attachment":"scroll","background-type":"","background-media":"","overlay-type":"","overlay-color":"","overlay-opacity":"","overlay-gradient":""},"tablet":{"background-color":"","background-image":"","background-repeat":"repeat","background-position":"center center","background-size":"auto","background-attachment":"scroll","background-type":"","background-media":"","overlay-type":"","overlay-color":"","overlay-opacity":"","overlay-gradient":""},"mobile":{"background-color":"","background-image":"","background-repeat":"repeat","background-position":"center center","background-size":"auto","background-attachment":"scroll","background-type":"","background-media":"","overlay-type":"","overlay-color":"","overlay-opacity":"","overlay-gradient":""}},"ast-content-background-meta":{"desktop":{"background-color":"var(--ast-global-color-5)","background-image":"","background-repeat":"repeat","background-position":"center center","background-size":"auto","background-attachment":"scroll","background-type":"","background-media":"","overlay-type":"","overlay-color":"","overlay-opacity":"","overlay-gradient":""},"tablet":{"background-color":"var(--ast-global-color-5)","background-image":"","background-repeat":"repeat","background-position":"center center","background-size":"auto","background-attachment":"scroll","background-type":"","background-media":"","overlay-type":"","overlay-color":"","overlay-opacity":"","overlay-gradient":""},"mobile":{"background-color":"var(--ast-global-color-5)","background-image":"","background-repeat":"repeat","background-position":"center center","background-size":"auto","background-attachment":"scroll","background-type":"","background-media":"","overlay-type":"","overlay-color":"","overlay-opacity":"","overlay-gradient":""}},"_jetpack_memberships_contains_paid_content":false,"footnotes":"","jetpack_publicize_message":"","jetpack_publicize_feature_enabled":true,"jetpack_social_post_already_shared":false,"jetpack_social_options":{"image_generator_settings":{"template":"highway","default_image_id":0,"font":"","enabled":false},"version":2}},"categories":[61,62,60],"tags":[],"class_list":["post-850","post","type-post","status-publish","format-standard","has-post-thumbnail","hentry","category-art-de-vivre","category-climat","category-low-tech"],"jetpack_publicize_connections":[],"jetpack_featured_media_url":"https:\/\/acebousbecque.fr\/wp-content\/uploads\/2025\/09\/convergence_18_mai.jpg","jetpack_sharing_enabled":true,"_links":{"self":[{"href":"https:\/\/acebousbecque.fr\/index.php\/wp-json\/wp\/v2\/posts\/850","targetHints":{"allow":["GET"]}}],"collection":[{"href":"https:\/\/acebousbecque.fr\/index.php\/wp-json\/wp\/v2\/posts"}],"about":[{"href":"https:\/\/acebousbecque.fr\/index.php\/wp-json\/wp\/v2\/types\/post"}],"author":[{"embeddable":true,"href":"https:\/\/acebousbecque.fr\/index.php\/wp-json\/wp\/v2\/users\/4"}],"replies":[{"embeddable":true,"href":"https:\/\/acebousbecque.fr\/index.php\/wp-json\/wp\/v2\/comments?post=850"}],"version-history":[{"count":23,"href":"https:\/\/acebousbecque.fr\/index.php\/wp-json\/wp\/v2\/posts\/850\/revisions"}],"predecessor-version":[{"id":877,"href":"https:\/\/acebousbecque.fr\/index.php\/wp-json\/wp\/v2\/posts\/850\/revisions\/877"}],"wp:featuredmedia":[{"embeddable":true,"href":"https:\/\/acebousbecque.fr\/index.php\/wp-json\/wp\/v2\/media\/853"}],"wp:attachment":[{"href":"https:\/\/acebousbecque.fr\/index.php\/wp-json\/wp\/v2\/media?parent=850"}],"wp:term":[{"taxonomy":"category","embeddable":true,"href":"https:\/\/acebousbecque.fr\/index.php\/wp-json\/wp\/v2\/categories?post=850"},{"taxonomy":"post_tag","embeddable":true,"href":"https:\/\/acebousbecque.fr\/index.php\/wp-json\/wp\/v2\/tags?post=850"}],"curies":[{"name":"wp","href":"https:\/\/api.w.org\/{rel}","templated":true}]}}