{"id":925,"date":"2025-11-29T10:37:24","date_gmt":"2025-11-29T09:37:24","guid":{"rendered":"https:\/\/acebousbecque.fr\/?p=925"},"modified":"2025-11-29T10:55:50","modified_gmt":"2025-11-29T09:55:50","slug":"cine-debat-le-vivant-qui-se-defend","status":"publish","type":"post","link":"https:\/\/acebousbecque.fr\/index.php\/2025\/11\/29\/cine-debat-le-vivant-qui-se-defend\/","title":{"rendered":"Cin\u00e9 D\u00e9bat \u00ab\u00a0Le vivant qui se d\u00e9fend\u00a0\u00bb"},"content":{"rendered":"\n<p><\/p>\n\n\n\n<div class=\"wp-block-media-text is-stacked-on-mobile\" style=\"grid-template-columns:19% auto\"><figure  class=\"wp-block-media-text__media\"><img loading=\"lazy\" decoding=\"async\" width=\"2455\" height=\"2455\" alt=\"\" src=\"https:\/\/acebousbecque.fr\/wp-content\/uploads\/2025\/11\/photo-linktree.jpg\" class=\"wp-image-927 size-full\" srcset=\"https:\/\/acebousbecque.fr\/wp-content\/uploads\/2025\/11\/photo-linktree.jpg 2455w, https:\/\/acebousbecque.fr\/wp-content\/uploads\/2025\/11\/photo-linktree-300x300.jpg 300w, https:\/\/acebousbecque.fr\/wp-content\/uploads\/2025\/11\/photo-linktree-1024x1024.jpg 1024w, https:\/\/acebousbecque.fr\/wp-content\/uploads\/2025\/11\/photo-linktree-150x150.jpg 150w, https:\/\/acebousbecque.fr\/wp-content\/uploads\/2025\/11\/photo-linktree-768x768.jpg 768w, https:\/\/acebousbecque.fr\/wp-content\/uploads\/2025\/11\/photo-linktree-1536x1536.jpg 1536w, https:\/\/acebousbecque.fr\/wp-content\/uploads\/2025\/11\/photo-linktree-2048x2048.jpg 2048w\" sizes=\"auto, (max-width: 2455px) 100vw, 2455px\" \/><\/figure><div class=\"wp-block-media-text__content\">\n<p>L&rsquo;Aceb co-organise avec<a href=\"http:\/\/www.cinelefoyer..fr\"> le cin\u00e9ma \u00ab\u00a0Le Foyer\u00a0\u00bb<\/a> de Bousbecque la projection du film \u00ab\u00a0Le vivant qui se d\u00e9fend\u00a0\u00bb de Vincent Verza.<\/p>\n<\/div><\/div>\n\n\n\n<p>Vincent Verzat filme les mobilisations \u00e9cologiques depuis 10 ans sur la cha\u00eene YouTube Partager c&rsquo;est Sympa. Partant d\u2019un r\u00e9cit personnel et sensible, le film retrace son cheminement entre militantisme et naturalisme, sa recherche d\u2019un \u00e9quilibre entre combat et contemplation, tra\u00e7ant un chemin pour vivre dignement et affronter ce qui vient. Des luttes foresti\u00e8res du plateau des Millevaches \u00e0 la tani\u00e8re d\u2019une famille de blaireaux, en passant par les m\u00e9ga bassines du Poitou, les cerfs du Vercors et l\u2019autoroute A69, \u00ab\u00a0Le VIVANT qui se d\u00e9fend\u00a0\u00bb fait le lien entre les animaux sauvages et les luttes qui sont men\u00e9es partout en France contre la destruction de leurs habitats. \u201cLe VIVANT qui se d\u00e9fend\u201d trace un chemin pour vivre dignement et affronter ce qui vient.<\/p>\n\n\n\n<p class=\"has-text-align-center has-medium-font-size\"><strong>Le 12 decembre \u00e0 20h<br><a href=\"https:\/\/cinelefoyer.fr\/\">Cinema \u00ab\u00a0Le Foyer\u00a0\u00bb<\/a><br>Rue des bersaults \u00e0 Bousbecque<\/strong> <strong>&#8211; tarif 6\/5Euros<\/strong><\/p>\n\n\n\n<p><strong>Le d\u00e9bat se fera en pr\u00e9sence d&rsquo;associations naturalistes et\/ou de lutte contre la destruction du vivant :<\/strong><br><strong>Le Gon (Groupe ornithologique et naturaliste ) www.gon.fr<\/strong><br><strong>SAFE Lille (Secours aux Animaux de la Faune Environnante de Lille )&nbsp;&nbsp; &nbsp; <a href=\"https:\/\/www.facebook.com\/SAFELille\/\" target=\"_blank\" rel=\"noreferrer noopener\">https:\/\/www.facebook.com\/SAFELille\/<\/a><\/strong><br><strong>LDE (Lys Deule Environnement) <a href=\"https:\/\/www.facebook.com\/lysdeuleenvironnement\" target=\"_blank\" rel=\"noreferrer noopener\">https:\/\/www.facebook.com\/lysdeuleenvironnement<\/a><\/strong><br><strong>ASPAS (Association pour la protection des animaux sauvages) &nbsp; <a href=\"http:\/\/www.aspas-nature.org\" target=\"_blank\" rel=\"noreferrer noopener\">www.aspas-nature.org<\/a>&nbsp; &nbsp;<a href=\"mailto:delegation59@aspas-nature.org\" target=\"_blank\" rel=\"noreferrer noopener\">delegation59@aspas-nature.org<\/a><\/strong><br><strong>Extinction Rebellion Lille, <a href=\"mailto:lille@extinctionrebellion.fr\" target=\"_blank\" rel=\"noreferrer noopener\">lille@extinctionrebellion.fr<\/a>&nbsp; &nbsp;<a href=\"https:\/\/www.facebook.com\/xrlille\" target=\"_blank\" rel=\"noreferrer noopener\">https:\/\/www.facebook.com\/xrlille<\/a><\/strong><br><strong>Soul\u00e8vements de la terre Lille, <a href=\"mailto:soulevementlille@proton.me\" target=\"_blank\" rel=\"noreferrer noopener\">soulevementlille@proton.me<\/a>&nbsp;<a href=\"https:\/\/www.facebook.com\/profile.php\/?id=100093817272394\" target=\"_blank\" rel=\"noreferrer noopener\">https:\/\/www.facebook.com\/profile.php\/?id=100093817272394<\/a><\/strong><br><strong>Naturalistes des terres, <a href=\"mailto:naturalistedtr@riseup.net\" target=\"_blank\" rel=\"noreferrer noopener\">naturalistedtr@riseup.net<\/a><\/strong><\/p>\n\n\n\n<h2 class=\"wp-block-heading\">Bande Annonce<\/h2>\n\n\n\n<figure class=\"wp-block-embed is-type-video is-provider-youtube wp-block-embed-youtube wp-embed-aspect-16-9 wp-has-aspect-ratio\"><div class=\"wp-block-embed__wrapper\">\n<iframe loading=\"lazy\" title=\"Le vivant qui se de\u0301fend  - Bande annonce SalamandreTV\" width=\"500\" height=\"281\" src=\"https:\/\/www.youtube.com\/embed\/AYSlPvGSXZM?feature=oembed\" frameborder=\"0\" allow=\"accelerometer; autoplay; clipboard-write; encrypted-media; gyroscope; picture-in-picture; web-share\" referrerpolicy=\"strict-origin-when-cross-origin\" allowfullscreen><\/iframe>\n<\/div><\/figure>\n\n\n\n<p><\/p>\n","protected":false},"excerpt":{"rendered":"<p>L&rsquo;Aceb co-organise avec le cin\u00e9ma \u00ab\u00a0Le Foyer\u00a0\u00bb de Bousbecque la projection du film \u00ab\u00a0Le vivant qui se d\u00e9fend\u00a0\u00bb de Vincent Verza. Vincent Verzat filme les mobilisations \u00e9cologiques depuis 10 ans sur la cha\u00eene YouTube Partager c&rsquo;est Sympa. Partant d\u2019un r\u00e9cit personnel et sensible, le film retrace son cheminement entre militantisme et naturalisme, sa recherche d\u2019un [&hellip;]<\/p>\n","protected":false},"author":4,"featured_media":927,"comment_status":"open","ping_status":"open","sticky":false,"template":"","format":"standard","meta":{"site-sidebar-layout":"default","site-content-layout":"","ast-site-content-layout":"default","site-content-style":"default","site-sidebar-style":"default","ast-global-header-display":"","ast-banner-title-visibility":"","ast-main-header-display":"","ast-hfb-above-header-display":"","ast-hfb-below-header-display":"","ast-hfb-mobile-header-display":"","site-post-title":"","ast-breadcrumbs-content":"","ast-featured-img":"disabled","footer-sml-layout":"","theme-transparent-header-meta":"","adv-header-id-meta":"","stick-header-meta":"","header-above-stick-meta":"","header-main-stick-meta":"","header-below-stick-meta":"","astra-migrate-meta-layouts":"set","ast-page-background-enabled":"default","ast-page-background-meta":{"desktop":{"background-color":"var(--ast-global-color-4)","background-image":"","background-repeat":"repeat","background-position":"center center","background-size":"auto","background-attachment":"scroll","background-type":"","background-media":"","overlay-type":"","overlay-color":"","overlay-opacity":"","overlay-gradient":""},"tablet":{"background-color":"","background-image":"","background-repeat":"repeat","background-position":"center center","background-size":"auto","background-attachment":"scroll","background-type":"","background-media":"","overlay-type":"","overlay-color":"","overlay-opacity":"","overlay-gradient":""},"mobile":{"background-color":"","background-image":"","background-repeat":"repeat","background-position":"center center","background-size":"auto","background-attachment":"scroll","background-type":"","background-media":"","overlay-type":"","overlay-color":"","overlay-opacity":"","overlay-gradient":""}},"ast-content-background-meta":{"desktop":{"background-color":"var(--ast-global-color-5)","background-image":"","background-repeat":"repeat","background-position":"center center","background-size":"auto","background-attachment":"scroll","background-type":"","background-media":"","overlay-type":"","overlay-color":"","overlay-opacity":"","overlay-gradient":""},"tablet":{"background-color":"var(--ast-global-color-5)","background-image":"","background-repeat":"repeat","background-position":"center center","background-size":"auto","background-attachment":"scroll","background-type":"","background-media":"","overlay-type":"","overlay-color":"","overlay-opacity":"","overlay-gradient":""},"mobile":{"background-color":"var(--ast-global-color-5)","background-image":"","background-repeat":"repeat","background-position":"center center","background-size":"auto","background-attachment":"scroll","background-type":"","background-media":"","overlay-type":"","overlay-color":"","overlay-opacity":"","overlay-gradient":""}},"_jetpack_memberships_contains_paid_content":false,"footnotes":"","jetpack_publicize_message":"","jetpack_publicize_feature_enabled":true,"jetpack_social_post_already_shared":true,"jetpack_social_options":{"image_generator_settings":{"template":"highway","default_image_id":0,"font":"","enabled":false},"version":2}},"categories":[61,55,57],"tags":[],"class_list":["post-925","post","type-post","status-publish","format-standard","has-post-thumbnail","hentry","category-art-de-vivre","category-nature","category-protection-de-lenvironnement"],"jetpack_publicize_connections":[],"jetpack_featured_media_url":"https:\/\/acebousbecque.fr\/wp-content\/uploads\/2025\/11\/photo-linktree.jpg","jetpack_sharing_enabled":true,"_links":{"self":[{"href":"https:\/\/acebousbecque.fr\/index.php\/wp-json\/wp\/v2\/posts\/925","targetHints":{"allow":["GET"]}}],"collection":[{"href":"https:\/\/acebousbecque.fr\/index.php\/wp-json\/wp\/v2\/posts"}],"about":[{"href":"https:\/\/acebousbecque.fr\/index.php\/wp-json\/wp\/v2\/types\/post"}],"author":[{"embeddable":true,"href":"https:\/\/acebousbecque.fr\/index.php\/wp-json\/wp\/v2\/users\/4"}],"replies":[{"embeddable":true,"href":"https:\/\/acebousbecque.fr\/index.php\/wp-json\/wp\/v2\/comments?post=925"}],"version-history":[{"count":2,"href":"https:\/\/acebousbecque.fr\/index.php\/wp-json\/wp\/v2\/posts\/925\/revisions"}],"predecessor-version":[{"id":931,"href":"https:\/\/acebousbecque.fr\/index.php\/wp-json\/wp\/v2\/posts\/925\/revisions\/931"}],"wp:featuredmedia":[{"embeddable":true,"href":"https:\/\/acebousbecque.fr\/index.php\/wp-json\/wp\/v2\/media\/927"}],"wp:attachment":[{"href":"https:\/\/acebousbecque.fr\/index.php\/wp-json\/wp\/v2\/media?parent=925"}],"wp:term":[{"taxonomy":"category","embeddable":true,"href":"https:\/\/acebousbecque.fr\/index.php\/wp-json\/wp\/v2\/categories?post=925"},{"taxonomy":"post_tag","embeddable":true,"href":"https:\/\/acebousbecque.fr\/index.php\/wp-json\/wp\/v2\/tags?post=925"}],"curies":[{"name":"wp","href":"https:\/\/api.w.org\/{rel}","templated":true}]}}